{"id":1645,"date":"2022-02-28T07:09:13","date_gmt":"2022-02-28T06:09:13","guid":{"rendered":"https:\/\/suedbayern.humanistische-union.de\/?post_type=presse&#038;p=1645"},"modified":"2022-02-28T07:24:06","modified_gmt":"2022-02-28T06:24:06","slug":"oeffentliche-einrichtungen-fuer-alle-themen-offen","status":"publish","type":"presse","link":"https:\/\/suedbayern.humanistische-union.de\/pressemeldungen\/oeffentliche-einrichtungen-fuer-alle-themen-offen\/","title":{"rendered":"Meinungsfreiheit auch in kommunalen \u00f6ffentlichen Einrichtungen!"},"content":{"rendered":"<div style=\"text-align:center\"><img decoding=\"async\" src=\"data:image\/gif;base64,R0lGODlhAQABAIAAAAAAAP\/\/\/ywAAAAAAQABAAACAUwAOw==\" fifu-lazy=\"1\" fifu-data-sizes=\"auto\" fifu-data-srcset=\"https:\/\/i2.wp.com\/suedbayern.humanistische-union.de\/wp-content\/uploads\/sites\/4\/2022\/02\/Bundesverwaltungsgericht-scaled.jpg?ssl=1&w=75&resize=75&ssl=1 75w, https:\/\/i2.wp.com\/suedbayern.humanistische-union.de\/wp-content\/uploads\/sites\/4\/2022\/02\/Bundesverwaltungsgericht-scaled.jpg?ssl=1&w=100&resize=100&ssl=1 100w, https:\/\/i2.wp.com\/suedbayern.humanistische-union.de\/wp-content\/uploads\/sites\/4\/2022\/02\/Bundesverwaltungsgericht-scaled.jpg?ssl=1&w=150&resize=150&ssl=1 150w, https:\/\/i2.wp.com\/suedbayern.humanistische-union.de\/wp-content\/uploads\/sites\/4\/2022\/02\/Bundesverwaltungsgericht-scaled.jpg?ssl=1&w=240&resize=240&ssl=1 240w, https:\/\/i2.wp.com\/suedbayern.humanistische-union.de\/wp-content\/uploads\/sites\/4\/2022\/02\/Bundesverwaltungsgericht-scaled.jpg?ssl=1&w=320&resize=320&ssl=1 320w, https:\/\/i2.wp.com\/suedbayern.humanistische-union.de\/wp-content\/uploads\/sites\/4\/2022\/02\/Bundesverwaltungsgericht-scaled.jpg?ssl=1&w=500&resize=500&ssl=1 500w, https:\/\/i2.wp.com\/suedbayern.humanistische-union.de\/wp-content\/uploads\/sites\/4\/2022\/02\/Bundesverwaltungsgericht-scaled.jpg?ssl=1&w=640&resize=640&ssl=1 640w, https:\/\/i2.wp.com\/suedbayern.humanistische-union.de\/wp-content\/uploads\/sites\/4\/2022\/02\/Bundesverwaltungsgericht-scaled.jpg?ssl=1&w=800&resize=800&ssl=1 800w, https:\/\/i2.wp.com\/suedbayern.humanistische-union.de\/wp-content\/uploads\/sites\/4\/2022\/02\/Bundesverwaltungsgericht-scaled.jpg?ssl=1&w=1024&resize=1024&ssl=1 1024w, https:\/\/i2.wp.com\/suedbayern.humanistische-union.de\/wp-content\/uploads\/sites\/4\/2022\/02\/Bundesverwaltungsgericht-scaled.jpg?ssl=1&w=1280&resize=1280&ssl=1 1280w, https:\/\/i2.wp.com\/suedbayern.humanistische-union.de\/wp-content\/uploads\/sites\/4\/2022\/02\/Bundesverwaltungsgericht-scaled.jpg?ssl=1&w=1600&resize=1600&ssl=1 1600w\" fifu-data-src=\"https:\/\/i2.wp.com\/suedbayern.humanistische-union.de\/wp-content\/uploads\/sites\/4\/2022\/02\/Bundesverwaltungsgericht-scaled.jpg?ssl=1\" class=\"attachment-post-thumbnail size-post-thumbnail wp-post-image\" alt=\"Meinungsfreiheit auch in kommunalen \u00f6ffentlichen Einrichtungen!\" title=\"Meinungsfreiheit auch in kommunalen \u00f6ffentlichen Einrichtungen!\" srcset=\"https:\/\/i2.wp.com\/suedbayern.humanistische-union.de\/wp-content\/uploads\/sites\/4\/2022\/02\/Bundesverwaltungsgericht-scaled.jpg?ssl=1 2560w, https:\/\/suedbayern.humanistische-union.de\/wp-content\/uploads\/sites\/4\/2022\/02\/Bundesverwaltungsgericht-600x400.jpg 600w, https:\/\/suedbayern.humanistische-union.de\/wp-content\/uploads\/sites\/4\/2022\/02\/Bundesverwaltungsgericht-1000x667.jpg 1000w, https:\/\/suedbayern.humanistische-union.de\/wp-content\/uploads\/sites\/4\/2022\/02\/Bundesverwaltungsgericht-768x512.jpg 768w, https:\/\/suedbayern.humanistische-union.de\/wp-content\/uploads\/sites\/4\/2022\/02\/Bundesverwaltungsgericht-1536x1024.jpg 1536w, https:\/\/suedbayern.humanistische-union.de\/wp-content\/uploads\/sites\/4\/2022\/02\/Bundesverwaltungsgericht-2048x1365.jpg 2048w, https:\/\/suedbayern.humanistische-union.de\/wp-content\/uploads\/sites\/4\/2022\/02\/Bundesverwaltungsgericht-800x533.jpg 800w, https:\/\/suedbayern.humanistische-union.de\/wp-content\/uploads\/sites\/4\/2022\/02\/Bundesverwaltungsgericht-450x300.jpg 450w\" sizes=\"(max-width: 2560px) 100vw, 2560px\" \/><\/div>\n<p style=\"text-align: right;\">M\u00fcnchen, 29. Januar 2022<\/p>\n<p>Die Humanistische Union Bayern stellt mit gro\u00dfer Erleichterung fest, dass die Richter des Bundesverwaltungsgerichts (BVerwG) mit ihrem Urteil die Entscheidung des Bayerischen Verwaltungsgerichtshofs (BVGH) best\u00e4tigt und die Revision der Stadt M\u00fcnchen verworfen haben.<br \/>\nIm Urteil des BHVerWG wird festgestellt: &#8222;Die Beschr\u00e4nkung des Widmungsumfangs einer kommunalen \u00f6ffentlichen Einrichtung, die deren Nutzung allein aufgrund der Befassung mit einem bestimmten Thema ausschlie\u00dft, verletzt das Grundrecht der Meinungsfreiheit.&#8220;<\/p>\n<p>Der BVGH hat bereits in seinem ausf\u00fchrlich und gut begr\u00fcndeten Urteil vom 17. November 2020 dargelegt, warum die Verweigerung einer Diskussionsveranstaltung in st\u00e4dtischen R\u00e4umen, die sich auch mit Inhalten, Themen und Zielen der Kampagne &#8222;Boycott, Divestment, Sanctions&#8220; (BDS) befasst, gegen das Grundrecht der Meinungsfreiheit verst\u00f6\u00dft.<\/p>\n<p>Aus Respekt vor dem Grundgesetz begr\u00fc\u00dft die Humanistische Union Bayern, dass nun endg\u00fcltig die Unwirksamkeit des Stadtratsbeschlusses festgestellt ist, der nach Ansicht des Gerichts mit h\u00f6herrangigem Recht \u201enicht vereinbar&#8220; ist.<\/p>\n<p>Seit dem 13.Dezember 2017 hat der Stadtratsbeschluss die Grundrechte der M\u00fcnchner Bev\u00f6lkerung verletzt. Die Stadt war laut BVGH nicht befugt, \u201eBewerbern allein wegen zu erwartender unerw\u00fcnschter Meinungs\u00e4u\u00dferungen den Zugang zu ihren \u00f6ffentlichen Einrichtungen zu verwehren.&#8220; Wie das hohe Gericht bef\u00fcrchtete, hatte dies zur Folge, dass zur Streitfrage \u00fcberhaupt kein Meinungsaustausch mehr stattfinden konnte.<\/p>\n<p>Gerade angesichts des wichtigen Kampfes gegen Antisemitismus ist es entscheidend, die Dialogf\u00e4higkeit der Gesellschaft durch eine freie Diskussion auch \u00fcber kritische Positionen gegen\u00fcber der israelischen Regierungspolitik zu erhalten.<\/p>\n<p>&nbsp;<\/p>\n<p>F\u00fcr R\u00fcckfragen steht Ihnen Wolfgang St\u00f6ger, Mitglied des Vorstandes der Humanistische Union Landesverband Bayern, unter\u00a0\u00a0 <a href=\"mailto:stoeger.w@humanistische-union.de\">stoeger.w@humanistische-union.de<\/a>\u00a0 zur Verf\u00fcgung.<\/p>\n<p>Die Pressemitteilung Nr. 6\/2022 vom 20.01.2022 des Bundesverwaltungsgerichts: <i>Themenbezogene Widmungsbeschr\u00e4nkung verletzt Meinungsfreiheit<\/i>, kann unter <a href=\"https:\/\/www.bverwg.de\/pm\/2022\/6\">https:\/\/www.bverwg.de\/pm\/2022\/6<\/a> abgerufen werden.<\/p>\n","protected":false},"featured_media":1646,"template":"","categories":[],"tags":[],"autoren":[86],"class_list":["post-1645","presse","type-presse","status-publish","has-post-thumbnail","hentry","autoren-wolfgang-stoeger"],"acf":[],"yoast_head":"<!-- This site is optimized with the Yoast SEO plugin v28.4 - https:\/\/yoast.com\/product\/yoast-seo-wordpress\/ -->\n<title>Meinungsfreiheit auch in kommunalen \u00f6ffentlichen Einrichtungen! - HU Bayern<\/title>\n<meta name=\"robots\" content=\"index, follow, max-snippet:-1, max-image-preview:large, max-video-preview:-1\" \/>\n<link rel=\"canonical\" href=\"https:\/\/suedbayern.humanistische-union.de\/pressemeldungen\/oeffentliche-einrichtungen-fuer-alle-themen-offen\/\" \/>\n<meta property=\"og:locale\" content=\"de_DE\" \/>\n<meta property=\"og:type\" content=\"article\" \/>\n<meta property=\"og:title\" content=\"Meinungsfreiheit auch in kommunalen \u00f6ffentlichen Einrichtungen! - HU Bayern\" \/>\n<meta property=\"og:description\" content=\"M\u00fcnchen, 29. Januar 2022 Die Humanistische Union Bayern stellt mit gro\u00dfer Erleichterung fest, dass die Richter des Bundesverwaltungsgerichts (BVerwG) mit ihrem Urteil die Entscheidung des Bayerischen Verwaltungsgerichtshofs (BVGH) best\u00e4tigt und die Revision der Stadt M\u00fcnchen verworfen haben. Im Urteil des BHVerWG wird festgestellt: &#8222;Die Beschr\u00e4nkung des Widmungsumfangs einer kommunalen \u00f6ffentlichen Einrichtung, die deren Nutzung allein [weiterlesen]\" \/>\n<meta property=\"og:url\" content=\"https:\/\/suedbayern.humanistische-union.de\/pressemeldungen\/oeffentliche-einrichtungen-fuer-alle-themen-offen\/\" \/>\n<meta property=\"og:site_name\" content=\"HU Bayern\" \/>\n<meta property=\"article:modified_time\" content=\"2022-02-28T06:24:06+00:00\" \/>\n<meta property=\"og:image\" content=\"http:\/\/suedbayern.humanistische-union.de\/wp-content\/uploads\/sites\/4\/2022\/02\/Bundesverwaltungsgericht-scaled.jpg\" \/>\n\t<meta property=\"og:image:width\" content=\"2560\" \/>\n\t<meta property=\"og:image:height\" content=\"1707\" \/>\n\t<meta property=\"og:image:type\" content=\"image\/jpeg\" \/>\n<meta name=\"twitter:card\" content=\"summary_large_image\" \/>\n<meta name=\"twitter:label1\" content=\"Gesch\u00e4tzte Lesezeit\" \/>\n\t<meta name=\"twitter:data1\" content=\"1\u00a0Minute\" \/>\n<script type=\"application\/ld+json\" class=\"yoast-schema-graph\">{\"@context\":\"https:\\\/\\\/schema.org\",\"@graph\":[{\"@type\":\"WebPage\",\"@id\":\"https:\\\/\\\/suedbayern.humanistische-union.de\\\/pressemeldungen\\\/oeffentliche-einrichtungen-fuer-alle-themen-offen\\\/\",\"url\":\"https:\\\/\\\/suedbayern.humanistische-union.de\\\/pressemeldungen\\\/oeffentliche-einrichtungen-fuer-alle-themen-offen\\\/\",\"name\":\"Meinungsfreiheit auch in kommunalen \u00f6ffentlichen Einrichtungen! - HU Bayern\",\"isPartOf\":{\"@id\":\"https:\\\/\\\/suedbayern.humanistische-union.de\\\/#website\"},\"primaryImageOfPage\":{\"@id\":\"https:\\\/\\\/suedbayern.humanistische-union.de\\\/pressemeldungen\\\/oeffentliche-einrichtungen-fuer-alle-themen-offen\\\/#primaryimage\"},\"image\":{\"@id\":\"https:\\\/\\\/suedbayern.humanistische-union.de\\\/pressemeldungen\\\/oeffentliche-einrichtungen-fuer-alle-themen-offen\\\/#primaryimage\"},\"thumbnailUrl\":\"https:\\\/\\\/suedbayern.humanistische-union.de\\\/wp-content\\\/uploads\\\/sites\\\/4\\\/2022\\\/02\\\/Bundesverwaltungsgericht-scaled.jpg\",\"datePublished\":\"2022-02-28T06:09:13+00:00\",\"dateModified\":\"2022-02-28T06:24:06+00:00\",\"breadcrumb\":{\"@id\":\"https:\\\/\\\/suedbayern.humanistische-union.de\\\/pressemeldungen\\\/oeffentliche-einrichtungen-fuer-alle-themen-offen\\\/#breadcrumb\"},\"inLanguage\":\"de\",\"potentialAction\":[{\"@type\":\"ReadAction\",\"target\":[\"https:\\\/\\\/suedbayern.humanistische-union.de\\\/pressemeldungen\\\/oeffentliche-einrichtungen-fuer-alle-themen-offen\\\/\"]}]},{\"@type\":\"ImageObject\",\"inLanguage\":\"de\",\"@id\":\"https:\\\/\\\/suedbayern.humanistische-union.de\\\/pressemeldungen\\\/oeffentliche-einrichtungen-fuer-alle-themen-offen\\\/#primaryimage\",\"url\":\"https:\\\/\\\/suedbayern.humanistische-union.de\\\/wp-content\\\/uploads\\\/sites\\\/4\\\/2022\\\/02\\\/Bundesverwaltungsgericht-scaled.jpg\",\"contentUrl\":\"https:\\\/\\\/suedbayern.humanistische-union.de\\\/wp-content\\\/uploads\\\/sites\\\/4\\\/2022\\\/02\\\/Bundesverwaltungsgericht-scaled.jpg\",\"width\":2560,\"height\":1707},{\"@type\":\"BreadcrumbList\",\"@id\":\"https:\\\/\\\/suedbayern.humanistische-union.de\\\/pressemeldungen\\\/oeffentliche-einrichtungen-fuer-alle-themen-offen\\\/#breadcrumb\",\"itemListElement\":[{\"@type\":\"ListItem\",\"position\":1,\"name\":\"Startseite\",\"item\":\"https:\\\/\\\/suedbayern.humanistische-union.de\\\/\"},{\"@type\":\"ListItem\",\"position\":2,\"name\":\"Pressemeldungen\",\"item\":\"https:\\\/\\\/suedbayern.humanistische-union.de\\\/pressemeldungen\\\/\"},{\"@type\":\"ListItem\",\"position\":3,\"name\":\"Meinungsfreiheit auch in kommunalen \u00f6ffentlichen Einrichtungen!\"}]},{\"@type\":\"WebSite\",\"@id\":\"https:\\\/\\\/suedbayern.humanistische-union.de\\\/#website\",\"url\":\"https:\\\/\\\/suedbayern.humanistische-union.de\\\/\",\"name\":\"HU Bayern\",\"description\":\"Eine weitere HU Network Website\",\"potentialAction\":[{\"@type\":\"SearchAction\",\"target\":{\"@type\":\"EntryPoint\",\"urlTemplate\":\"https:\\\/\\\/suedbayern.humanistische-union.de\\\/?s={search_term_string}\"},\"query-input\":{\"@type\":\"PropertyValueSpecification\",\"valueRequired\":true,\"valueName\":\"search_term_string\"}}],\"inLanguage\":\"de\"}]}<\/script>\n<!-- \/ Yoast SEO plugin. -->","yoast_head_json":{"title":"Meinungsfreiheit auch in kommunalen \u00f6ffentlichen Einrichtungen! - HU Bayern","robots":{"index":"index","follow":"follow","max-snippet":"max-snippet:-1","max-image-preview":"max-image-preview:large","max-video-preview":"max-video-preview:-1"},"canonical":"https:\/\/suedbayern.humanistische-union.de\/pressemeldungen\/oeffentliche-einrichtungen-fuer-alle-themen-offen\/","og_locale":"de_DE","og_type":"article","og_title":"Meinungsfreiheit auch in kommunalen \u00f6ffentlichen Einrichtungen! - HU Bayern","og_description":"M\u00fcnchen, 29. Januar 2022 Die Humanistische Union Bayern stellt mit gro\u00dfer Erleichterung fest, dass die Richter des Bundesverwaltungsgerichts (BVerwG) mit ihrem Urteil die Entscheidung des Bayerischen Verwaltungsgerichtshofs (BVGH) best\u00e4tigt und die Revision der Stadt M\u00fcnchen verworfen haben. Im Urteil des BHVerWG wird festgestellt: &#8222;Die Beschr\u00e4nkung des Widmungsumfangs einer kommunalen \u00f6ffentlichen Einrichtung, die deren Nutzung allein [weiterlesen]","og_url":"https:\/\/suedbayern.humanistische-union.de\/pressemeldungen\/oeffentliche-einrichtungen-fuer-alle-themen-offen\/","og_site_name":"HU Bayern","article_modified_time":"2022-02-28T06:24:06+00:00","og_image":[{"width":2560,"height":1707,"url":"http:\/\/suedbayern.humanistische-union.de\/wp-content\/uploads\/sites\/4\/2022\/02\/Bundesverwaltungsgericht-scaled.jpg","type":"image\/jpeg"}],"twitter_card":"summary_large_image","twitter_misc":{"Gesch\u00e4tzte Lesezeit":"1\u00a0Minute"},"schema":{"@context":"https:\/\/schema.org","@graph":[{"@type":"WebPage","@id":"https:\/\/suedbayern.humanistische-union.de\/pressemeldungen\/oeffentliche-einrichtungen-fuer-alle-themen-offen\/","url":"https:\/\/suedbayern.humanistische-union.de\/pressemeldungen\/oeffentliche-einrichtungen-fuer-alle-themen-offen\/","name":"Meinungsfreiheit auch in kommunalen \u00f6ffentlichen Einrichtungen! - HU Bayern","isPartOf":{"@id":"https:\/\/suedbayern.humanistische-union.de\/#website"},"primaryImageOfPage":{"@id":"https:\/\/suedbayern.humanistische-union.de\/pressemeldungen\/oeffentliche-einrichtungen-fuer-alle-themen-offen\/#primaryimage"},"image":{"@id":"https:\/\/suedbayern.humanistische-union.de\/pressemeldungen\/oeffentliche-einrichtungen-fuer-alle-themen-offen\/#primaryimage"},"thumbnailUrl":"https:\/\/suedbayern.humanistische-union.de\/wp-content\/uploads\/sites\/4\/2022\/02\/Bundesverwaltungsgericht-scaled.jpg","datePublished":"2022-02-28T06:09:13+00:00","dateModified":"2022-02-28T06:24:06+00:00","breadcrumb":{"@id":"https:\/\/suedbayern.humanistische-union.de\/pressemeldungen\/oeffentliche-einrichtungen-fuer-alle-themen-offen\/#breadcrumb"},"inLanguage":"de","potentialAction":[{"@type":"ReadAction","target":["https:\/\/suedbayern.humanistische-union.de\/pressemeldungen\/oeffentliche-einrichtungen-fuer-alle-themen-offen\/"]}]},{"@type":"ImageObject","inLanguage":"de","@id":"https:\/\/suedbayern.humanistische-union.de\/pressemeldungen\/oeffentliche-einrichtungen-fuer-alle-themen-offen\/#primaryimage","url":"https:\/\/suedbayern.humanistische-union.de\/wp-content\/uploads\/sites\/4\/2022\/02\/Bundesverwaltungsgericht-scaled.jpg","contentUrl":"https:\/\/suedbayern.humanistische-union.de\/wp-content\/uploads\/sites\/4\/2022\/02\/Bundesverwaltungsgericht-scaled.jpg","width":2560,"height":1707},{"@type":"BreadcrumbList","@id":"https:\/\/suedbayern.humanistische-union.de\/pressemeldungen\/oeffentliche-einrichtungen-fuer-alle-themen-offen\/#breadcrumb","itemListElement":[{"@type":"ListItem","position":1,"name":"Startseite","item":"https:\/\/suedbayern.humanistische-union.de\/"},{"@type":"ListItem","position":2,"name":"Pressemeldungen","item":"https:\/\/suedbayern.humanistische-union.de\/pressemeldungen\/"},{"@type":"ListItem","position":3,"name":"Meinungsfreiheit auch in kommunalen \u00f6ffentlichen Einrichtungen!"}]},{"@type":"WebSite","@id":"https:\/\/suedbayern.humanistische-union.de\/#website","url":"https:\/\/suedbayern.humanistische-union.de\/","name":"HU Bayern","description":"Eine weitere HU Network Website","potentialAction":[{"@type":"SearchAction","target":{"@type":"EntryPoint","urlTemplate":"https:\/\/suedbayern.humanistische-union.de\/?s={search_term_string}"},"query-input":{"@type":"PropertyValueSpecification","valueRequired":true,"valueName":"search_term_string"}}],"inLanguage":"de"}]}},"_links":{"self":[{"href":"https:\/\/suedbayern.humanistische-union.de\/hu-json\/wp\/v2\/presse\/1645","targetHints":{"allow":["GET"]}}],"collection":[{"href":"https:\/\/suedbayern.humanistische-union.de\/hu-json\/wp\/v2\/presse"}],"about":[{"href":"https:\/\/suedbayern.humanistische-union.de\/hu-json\/wp\/v2\/types\/presse"}],"wp:featuredmedia":[{"embeddable":true,"href":"https:\/\/suedbayern.humanistische-union.de\/hu-json\/wp\/v2\/media\/1646"}],"wp:attachment":[{"href":"https:\/\/suedbayern.humanistische-union.de\/hu-json\/wp\/v2\/media?parent=1645"}],"wp:term":[{"taxonomy":"category","embeddable":true,"href":"https:\/\/suedbayern.humanistische-union.de\/hu-json\/wp\/v2\/categories?post=1645"},{"taxonomy":"post_tag","embeddable":true,"href":"https:\/\/suedbayern.humanistische-union.de\/hu-json\/wp\/v2\/tags?post=1645"},{"taxonomy":"autoren","embeddable":true,"href":"https:\/\/suedbayern.humanistische-union.de\/hu-json\/wp\/v2\/autoren?post=1645"}],"curies":[{"name":"wp","href":"https:\/\/api.w.org\/{rel}","templated":true}]}}