{"id":926,"date":"2020-11-23T12:00:00","date_gmt":"2020-11-23T11:00:00","guid":{"rendered":"http:\/\/suedbayern.humanistische-union.de\/presse\/hu-bayern-begruesst-bayvgh-urteil-zum-grundrecht-auf-freie-meinungsaeusserung\/"},"modified":"2021-08-30T15:45:22","modified_gmt":"2021-08-30T13:45:22","slug":"hu-bayern-begruesst-bayvgh-urteil-zum-grundrecht-auf-freie-meinungsaeusserung","status":"publish","type":"presse","link":"https:\/\/suedbayern.humanistische-union.de\/pressemeldungen\/hu-bayern-begruesst-bayvgh-urteil-zum-grundrecht-auf-freie-meinungsaeusserung\/","title":{"rendered":"HU Bayern begr\u00fc\u00dft BayVGH-Urteil zum Grundrecht auf freie Meinungs\u00e4u\u00dferung"},"content":{"rendered":"<p>Das <a href=\"https:\/\/www.vgh.bayern.de\/media\/bayvgh\/presse\/4_b_19-1358_bds.pdf\" target=\"_blank\" rel=\"noopener\">Urteil des Bayerischen Verwaltungsgerichtshofs<\/a> ist eine schwere Schlappe f&uuml;r den M&uuml;nchner Stadtrat und den Oberb&uuml;rgermeister. Die Humanistische Union Bayern stellt mit gro&szlig;er Erleichterung fest, dass die Richter mit ihrem Urteil, eine Diskussion &uuml;ber einen umstrittenen Stadtratsbeschluss in st&auml;dtischen R&auml;umen sei rechtlich absolut zul&auml;ssig, das Grundgesetz verteidigt haben. Sie appelliert an die Stadt, keine Revision gegen das Urteil einzulegen, weil sonst die grundgesetzwidrige Praxis nur unn&ouml;tig verl&auml;ngert w&uuml;rde.<\/p>\n<p>Der Bayerische Verwaltungsgerichtshof hat in seinem ausf&uuml;hrlich und gut begr&uuml;ndeten Urteil dargelegt, warum die Verweigerung einer Diskussionsveranstaltung in st&auml;dtischen R&auml;umen, die sich auch mit Inhalten, Themen und Zielen der Kampagne &#8222;Boycott, Divestment, Sanctions&#8220; (BDS) befasst, gegen das Grundrecht der Meinungsfreiheit verst&ouml;&szlig;t. Die reflexartige Ank&uuml;ndigung der Stadt, eine Revision des Urteil beantragen zu wollen, ist in keiner Weise angemessen.<\/p>\n<p>Aus Respekt vor dem Grundgesetz h&auml;lt es die Humanistische Union f&uuml;r erforderlich, dass der Stadtratsbeschluss, der nach Ansicht des Gerichts mit h&ouml;herrangigem Recht &bdquo;nicht vereinbar und daher unwirksam&ldquo; ist, unverz&uuml;glich aufgehoben wird. Seit dem 13.12.2017 verletzt der Stadtratsbeschluss die Grundrechte der M&uuml;nchner Bev&ouml;lkerung*.&nbsp;<\/p>\n<p>Dass beispielsweise der M&uuml;nchner J&uuml;din Judith Bernstein, der Sprecherin der J&uuml;disch-Pal&auml;stinensischen Dialoggruppe, in st&auml;dtischen R&auml;umen ein Vortrag &uuml;ber ihre Heimatstadt in Jerusalem verwehrt wird, oder der HU selbst, f&uuml;r die Verleihung ihres Preises &#8222;Aufrechter Gang&#8220; an Judith und Reiner Bernstein, f&uuml;r deren Einsatz zur Verlegung von Stolpersteinen in M&uuml;nchen sowie dem Einsatz f&uuml;r eine friedliche L&ouml;sung zwischen Israelis und Pal&auml;stinensern, R&auml;ume im Gasteig verweigert wurden, ist ein schwer ertr&auml;glicher Zustand.<\/p>\n<p><i>F&uuml;r R&uuml;ckfragen steht Ihnen Wolfgang St&ouml;ger, Mitglied des Vorstandes der Humanistischen Union, Landesverband Bayern, unter <\/i><a href=\"mailto:stoeger.w%40humanistische-union.de\"><i>stoeger.w@humanistische-union.de<\/i><\/a><i> zur Verf&uuml;gung. <\/i><\/p>\n<p>*Die Erkl&auml;rung des&nbsp; Bundesvorstandes der Humanistischen Union, Meinungsfreiheit und Kritik an der Politik Israels, finden Sie <a href=\"http:\/\/suedbayern.humanistische-union.de\/thema\/meinungsfreiheit-und-kritik-an-der-politik-israels\/\" target=\"_blank\" rel=\"noopener\">hier<\/a>.<\/p>\n","protected":false},"featured_media":0,"template":"","categories":[],"tags":[164],"autoren":[204],"class_list":["post-926","presse","type-presse","status-publish","hentry","tag-muenchen-presse","autoren-hu-lv-bayern"],"acf":[],"yoast_head":"<!-- This site is optimized with the Yoast SEO plugin v28.4 - https:\/\/yoast.com\/product\/yoast-seo-wordpress\/ -->\n<title>HU Bayern begr\u00fc\u00dft BayVGH-Urteil zum Grundrecht auf freie Meinungs\u00e4u\u00dferung - HU Bayern<\/title>\n<meta name=\"robots\" content=\"index, follow, max-snippet:-1, max-image-preview:large, max-video-preview:-1\" \/>\n<link rel=\"canonical\" href=\"https:\/\/suedbayern.humanistische-union.de\/pressemeldungen\/hu-bayern-begruesst-bayvgh-urteil-zum-grundrecht-auf-freie-meinungsaeusserung\/\" \/>\n<meta property=\"og:locale\" content=\"de_DE\" \/>\n<meta property=\"og:type\" content=\"article\" \/>\n<meta property=\"og:title\" content=\"HU Bayern begr\u00fc\u00dft BayVGH-Urteil zum Grundrecht auf freie Meinungs\u00e4u\u00dferung - HU Bayern\" \/>\n<meta property=\"og:description\" content=\"Das Urteil des Bayerischen Verwaltungsgerichtshofs ist eine schwere Schlappe f&uuml;r den M&uuml;nchner Stadtrat und den Oberb&uuml;rgermeister. Die Humanistische Union Bayern stellt mit gro&szlig;er Erleichterung fest, dass die Richter mit ihrem Urteil, eine Diskussion &uuml;ber einen umstrittenen Stadtratsbeschluss in st&auml;dtischen R&auml;umen sei rechtlich absolut zul&auml;ssig, das Grundgesetz verteidigt haben. Sie appelliert an die Stadt, keine Revision [weiterlesen]\" \/>\n<meta property=\"og:url\" content=\"https:\/\/suedbayern.humanistische-union.de\/pressemeldungen\/hu-bayern-begruesst-bayvgh-urteil-zum-grundrecht-auf-freie-meinungsaeusserung\/\" \/>\n<meta property=\"og:site_name\" content=\"HU Bayern\" \/>\n<meta property=\"article:modified_time\" content=\"2021-08-30T13:45:22+00:00\" \/>\n<meta name=\"twitter:card\" content=\"summary_large_image\" \/>\n<meta name=\"twitter:label1\" content=\"Gesch\u00e4tzte Lesezeit\" \/>\n\t<meta name=\"twitter:data1\" content=\"2\u00a0Minuten\" \/>\n<script type=\"application\/ld+json\" class=\"yoast-schema-graph\">{\"@context\":\"https:\\\/\\\/schema.org\",\"@graph\":[{\"@type\":\"WebPage\",\"@id\":\"https:\\\/\\\/suedbayern.humanistische-union.de\\\/pressemeldungen\\\/hu-bayern-begruesst-bayvgh-urteil-zum-grundrecht-auf-freie-meinungsaeusserung\\\/\",\"url\":\"https:\\\/\\\/suedbayern.humanistische-union.de\\\/pressemeldungen\\\/hu-bayern-begruesst-bayvgh-urteil-zum-grundrecht-auf-freie-meinungsaeusserung\\\/\",\"name\":\"HU Bayern begr\u00fc\u00dft BayVGH-Urteil zum Grundrecht auf freie Meinungs\u00e4u\u00dferung - HU Bayern\",\"isPartOf\":{\"@id\":\"https:\\\/\\\/suedbayern.humanistische-union.de\\\/#website\"},\"datePublished\":\"2020-11-23T11:00:00+00:00\",\"dateModified\":\"2021-08-30T13:45:22+00:00\",\"breadcrumb\":{\"@id\":\"https:\\\/\\\/suedbayern.humanistische-union.de\\\/pressemeldungen\\\/hu-bayern-begruesst-bayvgh-urteil-zum-grundrecht-auf-freie-meinungsaeusserung\\\/#breadcrumb\"},\"inLanguage\":\"de\",\"potentialAction\":[{\"@type\":\"ReadAction\",\"target\":[\"https:\\\/\\\/suedbayern.humanistische-union.de\\\/pressemeldungen\\\/hu-bayern-begruesst-bayvgh-urteil-zum-grundrecht-auf-freie-meinungsaeusserung\\\/\"]}]},{\"@type\":\"BreadcrumbList\",\"@id\":\"https:\\\/\\\/suedbayern.humanistische-union.de\\\/pressemeldungen\\\/hu-bayern-begruesst-bayvgh-urteil-zum-grundrecht-auf-freie-meinungsaeusserung\\\/#breadcrumb\",\"itemListElement\":[{\"@type\":\"ListItem\",\"position\":1,\"name\":\"Startseite\",\"item\":\"https:\\\/\\\/suedbayern.humanistische-union.de\\\/\"},{\"@type\":\"ListItem\",\"position\":2,\"name\":\"Pressemeldungen\",\"item\":\"https:\\\/\\\/suedbayern.humanistische-union.de\\\/pressemeldungen\\\/\"},{\"@type\":\"ListItem\",\"position\":3,\"name\":\"HU Bayern begr\u00fc\u00dft BayVGH-Urteil zum Grundrecht auf freie Meinungs\u00e4u\u00dferung\"}]},{\"@type\":\"WebSite\",\"@id\":\"https:\\\/\\\/suedbayern.humanistische-union.de\\\/#website\",\"url\":\"https:\\\/\\\/suedbayern.humanistische-union.de\\\/\",\"name\":\"HU Bayern\",\"description\":\"Eine weitere HU Network Website\",\"potentialAction\":[{\"@type\":\"SearchAction\",\"target\":{\"@type\":\"EntryPoint\",\"urlTemplate\":\"https:\\\/\\\/suedbayern.humanistische-union.de\\\/?s={search_term_string}\"},\"query-input\":{\"@type\":\"PropertyValueSpecification\",\"valueRequired\":true,\"valueName\":\"search_term_string\"}}],\"inLanguage\":\"de\"}]}<\/script>\n<!-- \/ Yoast SEO plugin. -->","yoast_head_json":{"title":"HU Bayern begr\u00fc\u00dft BayVGH-Urteil zum Grundrecht auf freie Meinungs\u00e4u\u00dferung - HU Bayern","robots":{"index":"index","follow":"follow","max-snippet":"max-snippet:-1","max-image-preview":"max-image-preview:large","max-video-preview":"max-video-preview:-1"},"canonical":"https:\/\/suedbayern.humanistische-union.de\/pressemeldungen\/hu-bayern-begruesst-bayvgh-urteil-zum-grundrecht-auf-freie-meinungsaeusserung\/","og_locale":"de_DE","og_type":"article","og_title":"HU Bayern begr\u00fc\u00dft BayVGH-Urteil zum Grundrecht auf freie Meinungs\u00e4u\u00dferung - HU Bayern","og_description":"Das Urteil des Bayerischen Verwaltungsgerichtshofs ist eine schwere Schlappe f&uuml;r den M&uuml;nchner Stadtrat und den Oberb&uuml;rgermeister. Die Humanistische Union Bayern stellt mit gro&szlig;er Erleichterung fest, dass die Richter mit ihrem Urteil, eine Diskussion &uuml;ber einen umstrittenen Stadtratsbeschluss in st&auml;dtischen R&auml;umen sei rechtlich absolut zul&auml;ssig, das Grundgesetz verteidigt haben. Sie appelliert an die Stadt, keine Revision [weiterlesen]","og_url":"https:\/\/suedbayern.humanistische-union.de\/pressemeldungen\/hu-bayern-begruesst-bayvgh-urteil-zum-grundrecht-auf-freie-meinungsaeusserung\/","og_site_name":"HU Bayern","article_modified_time":"2021-08-30T13:45:22+00:00","twitter_card":"summary_large_image","twitter_misc":{"Gesch\u00e4tzte Lesezeit":"2\u00a0Minuten"},"schema":{"@context":"https:\/\/schema.org","@graph":[{"@type":"WebPage","@id":"https:\/\/suedbayern.humanistische-union.de\/pressemeldungen\/hu-bayern-begruesst-bayvgh-urteil-zum-grundrecht-auf-freie-meinungsaeusserung\/","url":"https:\/\/suedbayern.humanistische-union.de\/pressemeldungen\/hu-bayern-begruesst-bayvgh-urteil-zum-grundrecht-auf-freie-meinungsaeusserung\/","name":"HU Bayern begr\u00fc\u00dft BayVGH-Urteil zum Grundrecht auf freie Meinungs\u00e4u\u00dferung - HU Bayern","isPartOf":{"@id":"https:\/\/suedbayern.humanistische-union.de\/#website"},"datePublished":"2020-11-23T11:00:00+00:00","dateModified":"2021-08-30T13:45:22+00:00","breadcrumb":{"@id":"https:\/\/suedbayern.humanistische-union.de\/pressemeldungen\/hu-bayern-begruesst-bayvgh-urteil-zum-grundrecht-auf-freie-meinungsaeusserung\/#breadcrumb"},"inLanguage":"de","potentialAction":[{"@type":"ReadAction","target":["https:\/\/suedbayern.humanistische-union.de\/pressemeldungen\/hu-bayern-begruesst-bayvgh-urteil-zum-grundrecht-auf-freie-meinungsaeusserung\/"]}]},{"@type":"BreadcrumbList","@id":"https:\/\/suedbayern.humanistische-union.de\/pressemeldungen\/hu-bayern-begruesst-bayvgh-urteil-zum-grundrecht-auf-freie-meinungsaeusserung\/#breadcrumb","itemListElement":[{"@type":"ListItem","position":1,"name":"Startseite","item":"https:\/\/suedbayern.humanistische-union.de\/"},{"@type":"ListItem","position":2,"name":"Pressemeldungen","item":"https:\/\/suedbayern.humanistische-union.de\/pressemeldungen\/"},{"@type":"ListItem","position":3,"name":"HU Bayern begr\u00fc\u00dft BayVGH-Urteil zum Grundrecht auf freie Meinungs\u00e4u\u00dferung"}]},{"@type":"WebSite","@id":"https:\/\/suedbayern.humanistische-union.de\/#website","url":"https:\/\/suedbayern.humanistische-union.de\/","name":"HU Bayern","description":"Eine weitere HU Network Website","potentialAction":[{"@type":"SearchAction","target":{"@type":"EntryPoint","urlTemplate":"https:\/\/suedbayern.humanistische-union.de\/?s={search_term_string}"},"query-input":{"@type":"PropertyValueSpecification","valueRequired":true,"valueName":"search_term_string"}}],"inLanguage":"de"}]}},"_links":{"self":[{"href":"https:\/\/suedbayern.humanistische-union.de\/hu-json\/wp\/v2\/presse\/926","targetHints":{"allow":["GET"]}}],"collection":[{"href":"https:\/\/suedbayern.humanistische-union.de\/hu-json\/wp\/v2\/presse"}],"about":[{"href":"https:\/\/suedbayern.humanistische-union.de\/hu-json\/wp\/v2\/types\/presse"}],"wp:attachment":[{"href":"https:\/\/suedbayern.humanistische-union.de\/hu-json\/wp\/v2\/media?parent=926"}],"wp:term":[{"taxonomy":"category","embeddable":true,"href":"https:\/\/suedbayern.humanistische-union.de\/hu-json\/wp\/v2\/categories?post=926"},{"taxonomy":"post_tag","embeddable":true,"href":"https:\/\/suedbayern.humanistische-union.de\/hu-json\/wp\/v2\/tags?post=926"},{"taxonomy":"autoren","embeddable":true,"href":"https:\/\/suedbayern.humanistische-union.de\/hu-json\/wp\/v2\/autoren?post=926"}],"curies":[{"name":"wp","href":"https:\/\/api.w.org\/{rel}","templated":true}]}}