{"id":932,"date":"2019-12-02T12:00:00","date_gmt":"2019-12-02T11:00:00","guid":{"rendered":"http:\/\/suedbayern.humanistische-union.de\/presse\/hu-lv-vorstand-wiedergewaehlt\/"},"modified":"2019-12-02T12:00:00","modified_gmt":"2019-12-02T11:00:00","slug":"hu-lv-vorstand-wiedergewaehlt","status":"publish","type":"presse","link":"https:\/\/suedbayern.humanistische-union.de\/pressemeldungen\/hu-lv-vorstand-wiedergewaehlt\/","title":{"rendered":"HU LV Vorstand wiedergew\u00e4hlt"},"content":{"rendered":"<p>In der au\u00dferordentlichen Mitgliederversammlung des Landesverbands Bayern am 12. November haben die Mitglieder Wolfgang Killinger und  Wolfgang St\u00f6ger in ihren \u00c4mtern best\u00e4tigt. Ulrich Fuchs und Thomas Lindlmeier erreichten nicht die erforderliche Stimmenzahl.<\/p>\n<p>Der Vorstand wird die bisher behandelten Themen fortsetzen, aber auch tagesaktuelle Angriffe auf die B\u00fcrgerrechte aufgreifen. Wer dabei mitmachen will, ist herzlich willkommen.<\/p>\n","protected":false},"featured_media":0,"template":"","categories":[],"tags":[164,253,154],"autoren":[10],"class_list":["post-932","presse","type-presse","status-publish","hentry","tag-muenchen-presse","tag-veranstaltungsberichte-video","tag-verband-regionen","autoren-wolfgang-killinger"],"acf":[],"yoast_head":"<!-- This site is optimized with the Yoast SEO plugin v28.4 - https:\/\/yoast.com\/product\/yoast-seo-wordpress\/ -->\n<title>HU LV Vorstand wiedergew\u00e4hlt - HU Bayern<\/title>\n<meta name=\"robots\" content=\"index, follow, max-snippet:-1, max-image-preview:large, max-video-preview:-1\" \/>\n<link rel=\"canonical\" href=\"https:\/\/suedbayern.humanistische-union.de\/pressemeldungen\/hu-lv-vorstand-wiedergewaehlt\/\" \/>\n<meta property=\"og:locale\" content=\"de_DE\" \/>\n<meta property=\"og:type\" content=\"article\" \/>\n<meta property=\"og:title\" content=\"HU LV Vorstand wiedergew\u00e4hlt - HU Bayern\" \/>\n<meta property=\"og:description\" content=\"In der au\u00dferordentlichen Mitgliederversammlung des Landesverbands Bayern am 12. November haben die Mitglieder Wolfgang Killinger und Wolfgang St\u00f6ger in ihren \u00c4mtern best\u00e4tigt. Ulrich Fuchs und Thomas Lindlmeier erreichten nicht die erforderliche Stimmenzahl. Der Vorstand wird die bisher behandelten Themen fortsetzen, aber auch tagesaktuelle Angriffe auf die B\u00fcrgerrechte aufgreifen. Wer dabei mitmachen will, ist herzlich willkommen. [weiterlesen]\" \/>\n<meta property=\"og:url\" content=\"https:\/\/suedbayern.humanistische-union.de\/pressemeldungen\/hu-lv-vorstand-wiedergewaehlt\/\" \/>\n<meta property=\"og:site_name\" content=\"HU Bayern\" \/>\n<meta name=\"twitter:card\" content=\"summary_large_image\" \/>\n<script type=\"application\/ld+json\" class=\"yoast-schema-graph\">{\"@context\":\"https:\\\/\\\/schema.org\",\"@graph\":[{\"@type\":\"WebPage\",\"@id\":\"https:\\\/\\\/suedbayern.humanistische-union.de\\\/pressemeldungen\\\/hu-lv-vorstand-wiedergewaehlt\\\/\",\"url\":\"https:\\\/\\\/suedbayern.humanistische-union.de\\\/pressemeldungen\\\/hu-lv-vorstand-wiedergewaehlt\\\/\",\"name\":\"HU LV Vorstand wiedergew\u00e4hlt - HU Bayern\",\"isPartOf\":{\"@id\":\"https:\\\/\\\/suedbayern.humanistische-union.de\\\/#website\"},\"datePublished\":\"2019-12-02T11:00:00+00:00\",\"breadcrumb\":{\"@id\":\"https:\\\/\\\/suedbayern.humanistische-union.de\\\/pressemeldungen\\\/hu-lv-vorstand-wiedergewaehlt\\\/#breadcrumb\"},\"inLanguage\":\"de\",\"potentialAction\":[{\"@type\":\"ReadAction\",\"target\":[\"https:\\\/\\\/suedbayern.humanistische-union.de\\\/pressemeldungen\\\/hu-lv-vorstand-wiedergewaehlt\\\/\"]}]},{\"@type\":\"BreadcrumbList\",\"@id\":\"https:\\\/\\\/suedbayern.humanistische-union.de\\\/pressemeldungen\\\/hu-lv-vorstand-wiedergewaehlt\\\/#breadcrumb\",\"itemListElement\":[{\"@type\":\"ListItem\",\"position\":1,\"name\":\"Startseite\",\"item\":\"https:\\\/\\\/suedbayern.humanistische-union.de\\\/\"},{\"@type\":\"ListItem\",\"position\":2,\"name\":\"Pressemeldungen\",\"item\":\"https:\\\/\\\/suedbayern.humanistische-union.de\\\/pressemeldungen\\\/\"},{\"@type\":\"ListItem\",\"position\":3,\"name\":\"HU LV Vorstand wiedergew\u00e4hlt\"}]},{\"@type\":\"WebSite\",\"@id\":\"https:\\\/\\\/suedbayern.humanistische-union.de\\\/#website\",\"url\":\"https:\\\/\\\/suedbayern.humanistische-union.de\\\/\",\"name\":\"HU Bayern\",\"description\":\"Eine weitere HU Network Website\",\"potentialAction\":[{\"@type\":\"SearchAction\",\"target\":{\"@type\":\"EntryPoint\",\"urlTemplate\":\"https:\\\/\\\/suedbayern.humanistische-union.de\\\/?s={search_term_string}\"},\"query-input\":{\"@type\":\"PropertyValueSpecification\",\"valueRequired\":true,\"valueName\":\"search_term_string\"}}],\"inLanguage\":\"de\"}]}<\/script>\n<!-- \/ Yoast SEO plugin. -->","yoast_head_json":{"title":"HU LV Vorstand wiedergew\u00e4hlt - HU Bayern","robots":{"index":"index","follow":"follow","max-snippet":"max-snippet:-1","max-image-preview":"max-image-preview:large","max-video-preview":"max-video-preview:-1"},"canonical":"https:\/\/suedbayern.humanistische-union.de\/pressemeldungen\/hu-lv-vorstand-wiedergewaehlt\/","og_locale":"de_DE","og_type":"article","og_title":"HU LV Vorstand wiedergew\u00e4hlt - HU Bayern","og_description":"In der au\u00dferordentlichen Mitgliederversammlung des Landesverbands Bayern am 12. November haben die Mitglieder Wolfgang Killinger und Wolfgang St\u00f6ger in ihren \u00c4mtern best\u00e4tigt. Ulrich Fuchs und Thomas Lindlmeier erreichten nicht die erforderliche Stimmenzahl. Der Vorstand wird die bisher behandelten Themen fortsetzen, aber auch tagesaktuelle Angriffe auf die B\u00fcrgerrechte aufgreifen. Wer dabei mitmachen will, ist herzlich willkommen. [weiterlesen]","og_url":"https:\/\/suedbayern.humanistische-union.de\/pressemeldungen\/hu-lv-vorstand-wiedergewaehlt\/","og_site_name":"HU Bayern","twitter_card":"summary_large_image","schema":{"@context":"https:\/\/schema.org","@graph":[{"@type":"WebPage","@id":"https:\/\/suedbayern.humanistische-union.de\/pressemeldungen\/hu-lv-vorstand-wiedergewaehlt\/","url":"https:\/\/suedbayern.humanistische-union.de\/pressemeldungen\/hu-lv-vorstand-wiedergewaehlt\/","name":"HU LV Vorstand wiedergew\u00e4hlt - HU Bayern","isPartOf":{"@id":"https:\/\/suedbayern.humanistische-union.de\/#website"},"datePublished":"2019-12-02T11:00:00+00:00","breadcrumb":{"@id":"https:\/\/suedbayern.humanistische-union.de\/pressemeldungen\/hu-lv-vorstand-wiedergewaehlt\/#breadcrumb"},"inLanguage":"de","potentialAction":[{"@type":"ReadAction","target":["https:\/\/suedbayern.humanistische-union.de\/pressemeldungen\/hu-lv-vorstand-wiedergewaehlt\/"]}]},{"@type":"BreadcrumbList","@id":"https:\/\/suedbayern.humanistische-union.de\/pressemeldungen\/hu-lv-vorstand-wiedergewaehlt\/#breadcrumb","itemListElement":[{"@type":"ListItem","position":1,"name":"Startseite","item":"https:\/\/suedbayern.humanistische-union.de\/"},{"@type":"ListItem","position":2,"name":"Pressemeldungen","item":"https:\/\/suedbayern.humanistische-union.de\/pressemeldungen\/"},{"@type":"ListItem","position":3,"name":"HU LV Vorstand wiedergew\u00e4hlt"}]},{"@type":"WebSite","@id":"https:\/\/suedbayern.humanistische-union.de\/#website","url":"https:\/\/suedbayern.humanistische-union.de\/","name":"HU Bayern","description":"Eine weitere HU Network Website","potentialAction":[{"@type":"SearchAction","target":{"@type":"EntryPoint","urlTemplate":"https:\/\/suedbayern.humanistische-union.de\/?s={search_term_string}"},"query-input":{"@type":"PropertyValueSpecification","valueRequired":true,"valueName":"search_term_string"}}],"inLanguage":"de"}]}},"_links":{"self":[{"href":"https:\/\/suedbayern.humanistische-union.de\/hu-json\/wp\/v2\/presse\/932","targetHints":{"allow":["GET"]}}],"collection":[{"href":"https:\/\/suedbayern.humanistische-union.de\/hu-json\/wp\/v2\/presse"}],"about":[{"href":"https:\/\/suedbayern.humanistische-union.de\/hu-json\/wp\/v2\/types\/presse"}],"wp:attachment":[{"href":"https:\/\/suedbayern.humanistische-union.de\/hu-json\/wp\/v2\/media?parent=932"}],"wp:term":[{"taxonomy":"category","embeddable":true,"href":"https:\/\/suedbayern.humanistische-union.de\/hu-json\/wp\/v2\/categories?post=932"},{"taxonomy":"post_tag","embeddable":true,"href":"https:\/\/suedbayern.humanistische-union.de\/hu-json\/wp\/v2\/tags?post=932"},{"taxonomy":"autoren","embeddable":true,"href":"https:\/\/suedbayern.humanistische-union.de\/hu-json\/wp\/v2\/autoren?post=932"}],"curies":[{"name":"wp","href":"https:\/\/api.w.org\/{rel}","templated":true}]}}