{"id":935,"date":"2017-10-26T12:00:00","date_gmt":"2017-10-26T10:00:00","guid":{"rendered":"http:\/\/suedbayern.humanistische-union.de\/presse\/gasteig-verbannt-erneut-israel-kritiker-gruene-warnen-vor-gefaehrdung-der-meinungsfreiheit\/"},"modified":"2017-10-26T12:00:00","modified_gmt":"2017-10-26T10:00:00","slug":"gasteig-verbannt-erneut-israel-kritiker-gruene-warnen-vor-gefaehrdung-der-meinungsfreiheit","status":"publish","type":"presse","link":"https:\/\/suedbayern.humanistische-union.de\/pressemeldungen\/gasteig-verbannt-erneut-israel-kritiker-gruene-warnen-vor-gefaehrdung-der-meinungsfreiheit\/","title":{"rendered":"Gasteig verbannt erneut Israel-Kritiker \u0096 Gr\u00fcne warnen vor Gef\u00e4hrdung der Meinungsfreiheit"},"content":{"rendered":"<p>Fraktionschef Dr. Florian Roth hat vor einer schleichenden Aush\u00f6hlung der Meinungsfreiheit in st\u00e4dtischen Institutionen gewarnt. Hintergrund ist das erneute Vorgehen der Gasteig-Gesch\u00e4ftsf\u00fchrung gegen eine Veranstaltung mit Kritikern der israelischen Regierungspolitik, die wegen ihres Eintretens f\u00fcr die Kampagne BDS (Boykott, Desinvestitionen und Sanktionen) aus den R\u00e4umen Gasteigs verbannt werden sollen. <br \/>Bereits Ende September war der Gasteig vor dem Landgericht M\u00fcnchen damit gescheitert, eine Vermietungszusage f\u00fcr einen Vortrag von Judith Bernstein von der J\u00fcdisch-Pal\u00e4stinensischen Dialoggruppe aus formalen Gr\u00fcnden nachtr\u00e4glich zur\u00fcckzuziehen. Diesmal zielt die Ablehnung einer Raumvermietung direkt auf das politische Engagement von Judith Bernstein: Ihr soll, gemeinsam mit ihrem Mann Reiner, der Preis &#8222;Aufrechter Gang&#8220; der Humanistischen Union verliehen werden &#8211; Laudator soll Tilman Spengler sein. Die Humanistische Union ist eine angesehene linksliberale, ma\u00dfgeblich von Intellektuellen getragene B\u00fcrgerrechtsorganisation, in deren Beirat etwa Klaus Hahnzog, Hartmut von Hentig, Burkhard Hirsch, Claudia Roth und Klaus Staeck vertreten sind.<br \/>Die Gasteig-Gesch\u00e4ftsf\u00fchrung hat eine Raumvermietung nun mit dem Hinweis abgelehnt, f\u00fcr den Gasteig k\u00e4men &#8222;Veranstaltungen von oder mit Personen, aus dem Umfeld der BDS-Kampagne entsprechend unserer Mietbedingungen nicht in Frage&#8220; und bezieht sich dabei auf einen von CSU und SPD gestellten Antrag zu diesem Thema.<br \/>Dr. Florian Roth: &#8222;Es kann nicht angehen, dass st\u00e4dtische Gesellschaften bestimmte Meinungen und Personen nur auf Grund von Stadtratsantr\u00e4gen aus ihren R\u00e4umen verbannen &#8211; auch wenn diese Antr\u00e4ge von den Mehrheitsfraktionen stammen. Ein solcher vorauseilender Gehorsam ist geeignet, die politische Kultur ernsthaft zu gef\u00e4hrden &#8211; denn wozu noch Stadtratssitzungen abhalten, wenn der Wille der Gro\u00dfen Koalition ohnehin f\u00fcr verbindlich gehalten wird?&#8220; <br \/>Versch\u00e4rfend kommt laut Dr. Roth hinzu, dass der Gasteig die Intention des vorliegenden Antrags auch noch erweiternd interpretiert, indem er sie nicht nur auf Veranstaltungen von Organisationen und Personen &#8222;aus dem BDS-Umfeld&#8220; bezieht, sondern auch auf Veranstaltungen mit solchen Personen anderer Organisationen. Damit w\u00e4ren, unabh\u00e4ngig vom Veranstalter, selbst gr\u00f6\u00dfere Podien unm\u00f6glich, wenn bestimmte Teilnehmer als personae non gratae auf einer schwarzen Liste st\u00fcnden. <br \/>Dr. Florian Roth: &#8222;Wenn man bedenkt, wie viele R\u00e4umlichkeiten unmittelbar oder mittelbar im Verantwortungsbereich der Stadt liegen, ergibt sich hier tendenziell ein Risiko f\u00fcr die Meinungsfreiheit in M\u00fcnchen. Auch wir lehnen die BDS-Kampagne auf das Sch\u00e4rfste ab, da sie zu einem v\u00f6lligen Boykott Israels nicht nur wirtschaftlich, sondern auch wissenschaftlich und kulturell auffordert und &#8211; zumindest in ihrer internationalen Fassung &#8211; das Existenzrecht Israels implizit in Frage stellt. BDS-Veranstaltungen und Organisationen, die sich klar und aktiv f\u00fcr BDS einsetzen, sind deshalb von der Stadt M\u00fcnchen nicht zu f\u00f6rdern. Doch selbst bei kommerziellen Vermietungen von R\u00e4umen von st\u00e4dtischen Beteiligungsgesellschaften &#8211; sogar unabh\u00e4ngig vom Veranstalter &#8211; jegliche Teilnahme von Personen &#8218;aus dem BDS-Umfeld&#8216; pauschal als Absagegrund geltend zu machen, geht entschieden zu weit. Auch wer die BDS-Kampagne ablehnt, kann eine derart weitreichende Ausgrenzung nicht rechtfertigen. Will die Stadt M\u00fcnchen &#8211; und so fordert es in conclusio der CSU\/SPD-Antrag &#8211; allen Ernstes Pers\u00f6nlichkeiten wie Friedensnobelpreistr\u00e4ger Desmond Tutu oder die Adorno-Preistr\u00e4gerin Judith Butler radikal aus ihren R\u00e4umen verbannen? Selbst dann also, wenn die Veranstaltung gar nichts mit BDS zu tun hat? Die Stadt w\u00e4re gut beraten, mit mehr Augenma\u00df zu handeln. Freiheit, so schmerzhaft das manchmal ist, ist eben auch die Freiheit des Andersdenkenden.&#8220;<\/p>\n","protected":false},"featured_media":0,"template":"","categories":[],"tags":[],"autoren":[209],"class_list":["post-935","presse","type-presse","status-publish","hentry","autoren-markus-viellvoye"],"acf":[],"yoast_head":"<!-- This site is optimized with the Yoast SEO plugin v28.4 - https:\/\/yoast.com\/product\/yoast-seo-wordpress\/ -->\n<title>Gasteig verbannt erneut Israel-Kritiker \u0096 Gr\u00fcne warnen vor Gef\u00e4hrdung der Meinungsfreiheit - HU Bayern<\/title>\n<meta name=\"robots\" content=\"index, follow, max-snippet:-1, max-image-preview:large, max-video-preview:-1\" \/>\n<link rel=\"canonical\" href=\"https:\/\/suedbayern.humanistische-union.de\/pressemeldungen\/gasteig-verbannt-erneut-israel-kritiker-gruene-warnen-vor-gefaehrdung-der-meinungsfreiheit\/\" \/>\n<meta property=\"og:locale\" content=\"de_DE\" \/>\n<meta property=\"og:type\" content=\"article\" \/>\n<meta property=\"og:title\" content=\"Gasteig verbannt erneut Israel-Kritiker \u0096 Gr\u00fcne warnen vor Gef\u00e4hrdung der Meinungsfreiheit - HU Bayern\" \/>\n<meta property=\"og:description\" content=\"Fraktionschef Dr. Florian Roth hat vor einer schleichenden Aush\u00f6hlung der Meinungsfreiheit in st\u00e4dtischen Institutionen gewarnt. Hintergrund ist das erneute Vorgehen der Gasteig-Gesch\u00e4ftsf\u00fchrung gegen eine Veranstaltung mit Kritikern der israelischen Regierungspolitik, die wegen ihres Eintretens f\u00fcr die Kampagne BDS (Boykott, Desinvestitionen und Sanktionen) aus den R\u00e4umen Gasteigs verbannt werden sollen. Bereits Ende September war der Gasteig [weiterlesen]\" \/>\n<meta property=\"og:url\" content=\"https:\/\/suedbayern.humanistische-union.de\/pressemeldungen\/gasteig-verbannt-erneut-israel-kritiker-gruene-warnen-vor-gefaehrdung-der-meinungsfreiheit\/\" \/>\n<meta property=\"og:site_name\" content=\"HU Bayern\" \/>\n<meta name=\"twitter:card\" content=\"summary_large_image\" \/>\n<meta name=\"twitter:label1\" content=\"Gesch\u00e4tzte Lesezeit\" \/>\n\t<meta name=\"twitter:data1\" content=\"3\u00a0Minuten\" \/>\n<script type=\"application\/ld+json\" class=\"yoast-schema-graph\">{\"@context\":\"https:\\\/\\\/schema.org\",\"@graph\":[{\"@type\":\"WebPage\",\"@id\":\"https:\\\/\\\/suedbayern.humanistische-union.de\\\/pressemeldungen\\\/gasteig-verbannt-erneut-israel-kritiker-gruene-warnen-vor-gefaehrdung-der-meinungsfreiheit\\\/\",\"url\":\"https:\\\/\\\/suedbayern.humanistische-union.de\\\/pressemeldungen\\\/gasteig-verbannt-erneut-israel-kritiker-gruene-warnen-vor-gefaehrdung-der-meinungsfreiheit\\\/\",\"name\":\"Gasteig verbannt erneut Israel-Kritiker \u0096 Gr\u00fcne warnen vor Gef\u00e4hrdung der Meinungsfreiheit - HU Bayern\",\"isPartOf\":{\"@id\":\"https:\\\/\\\/suedbayern.humanistische-union.de\\\/#website\"},\"datePublished\":\"2017-10-26T10:00:00+00:00\",\"breadcrumb\":{\"@id\":\"https:\\\/\\\/suedbayern.humanistische-union.de\\\/pressemeldungen\\\/gasteig-verbannt-erneut-israel-kritiker-gruene-warnen-vor-gefaehrdung-der-meinungsfreiheit\\\/#breadcrumb\"},\"inLanguage\":\"de\",\"potentialAction\":[{\"@type\":\"ReadAction\",\"target\":[\"https:\\\/\\\/suedbayern.humanistische-union.de\\\/pressemeldungen\\\/gasteig-verbannt-erneut-israel-kritiker-gruene-warnen-vor-gefaehrdung-der-meinungsfreiheit\\\/\"]}]},{\"@type\":\"BreadcrumbList\",\"@id\":\"https:\\\/\\\/suedbayern.humanistische-union.de\\\/pressemeldungen\\\/gasteig-verbannt-erneut-israel-kritiker-gruene-warnen-vor-gefaehrdung-der-meinungsfreiheit\\\/#breadcrumb\",\"itemListElement\":[{\"@type\":\"ListItem\",\"position\":1,\"name\":\"Startseite\",\"item\":\"https:\\\/\\\/suedbayern.humanistische-union.de\\\/\"},{\"@type\":\"ListItem\",\"position\":2,\"name\":\"Pressemeldungen\",\"item\":\"https:\\\/\\\/suedbayern.humanistische-union.de\\\/pressemeldungen\\\/\"},{\"@type\":\"ListItem\",\"position\":3,\"name\":\"Gasteig verbannt erneut Israel-Kritiker \u0096 Gr\u00fcne warnen vor Gef\u00e4hrdung der Meinungsfreiheit\"}]},{\"@type\":\"WebSite\",\"@id\":\"https:\\\/\\\/suedbayern.humanistische-union.de\\\/#website\",\"url\":\"https:\\\/\\\/suedbayern.humanistische-union.de\\\/\",\"name\":\"HU Bayern\",\"description\":\"Eine weitere HU Network Website\",\"potentialAction\":[{\"@type\":\"SearchAction\",\"target\":{\"@type\":\"EntryPoint\",\"urlTemplate\":\"https:\\\/\\\/suedbayern.humanistische-union.de\\\/?s={search_term_string}\"},\"query-input\":{\"@type\":\"PropertyValueSpecification\",\"valueRequired\":true,\"valueName\":\"search_term_string\"}}],\"inLanguage\":\"de\"}]}<\/script>\n<!-- \/ Yoast SEO plugin. -->","yoast_head_json":{"title":"Gasteig verbannt erneut Israel-Kritiker \u0096 Gr\u00fcne warnen vor Gef\u00e4hrdung der Meinungsfreiheit - HU Bayern","robots":{"index":"index","follow":"follow","max-snippet":"max-snippet:-1","max-image-preview":"max-image-preview:large","max-video-preview":"max-video-preview:-1"},"canonical":"https:\/\/suedbayern.humanistische-union.de\/pressemeldungen\/gasteig-verbannt-erneut-israel-kritiker-gruene-warnen-vor-gefaehrdung-der-meinungsfreiheit\/","og_locale":"de_DE","og_type":"article","og_title":"Gasteig verbannt erneut Israel-Kritiker \u0096 Gr\u00fcne warnen vor Gef\u00e4hrdung der Meinungsfreiheit - HU Bayern","og_description":"Fraktionschef Dr. Florian Roth hat vor einer schleichenden Aush\u00f6hlung der Meinungsfreiheit in st\u00e4dtischen Institutionen gewarnt. Hintergrund ist das erneute Vorgehen der Gasteig-Gesch\u00e4ftsf\u00fchrung gegen eine Veranstaltung mit Kritikern der israelischen Regierungspolitik, die wegen ihres Eintretens f\u00fcr die Kampagne BDS (Boykott, Desinvestitionen und Sanktionen) aus den R\u00e4umen Gasteigs verbannt werden sollen. Bereits Ende September war der Gasteig [weiterlesen]","og_url":"https:\/\/suedbayern.humanistische-union.de\/pressemeldungen\/gasteig-verbannt-erneut-israel-kritiker-gruene-warnen-vor-gefaehrdung-der-meinungsfreiheit\/","og_site_name":"HU Bayern","twitter_card":"summary_large_image","twitter_misc":{"Gesch\u00e4tzte Lesezeit":"3\u00a0Minuten"},"schema":{"@context":"https:\/\/schema.org","@graph":[{"@type":"WebPage","@id":"https:\/\/suedbayern.humanistische-union.de\/pressemeldungen\/gasteig-verbannt-erneut-israel-kritiker-gruene-warnen-vor-gefaehrdung-der-meinungsfreiheit\/","url":"https:\/\/suedbayern.humanistische-union.de\/pressemeldungen\/gasteig-verbannt-erneut-israel-kritiker-gruene-warnen-vor-gefaehrdung-der-meinungsfreiheit\/","name":"Gasteig verbannt erneut Israel-Kritiker \u0096 Gr\u00fcne warnen vor Gef\u00e4hrdung der Meinungsfreiheit - HU Bayern","isPartOf":{"@id":"https:\/\/suedbayern.humanistische-union.de\/#website"},"datePublished":"2017-10-26T10:00:00+00:00","breadcrumb":{"@id":"https:\/\/suedbayern.humanistische-union.de\/pressemeldungen\/gasteig-verbannt-erneut-israel-kritiker-gruene-warnen-vor-gefaehrdung-der-meinungsfreiheit\/#breadcrumb"},"inLanguage":"de","potentialAction":[{"@type":"ReadAction","target":["https:\/\/suedbayern.humanistische-union.de\/pressemeldungen\/gasteig-verbannt-erneut-israel-kritiker-gruene-warnen-vor-gefaehrdung-der-meinungsfreiheit\/"]}]},{"@type":"BreadcrumbList","@id":"https:\/\/suedbayern.humanistische-union.de\/pressemeldungen\/gasteig-verbannt-erneut-israel-kritiker-gruene-warnen-vor-gefaehrdung-der-meinungsfreiheit\/#breadcrumb","itemListElement":[{"@type":"ListItem","position":1,"name":"Startseite","item":"https:\/\/suedbayern.humanistische-union.de\/"},{"@type":"ListItem","position":2,"name":"Pressemeldungen","item":"https:\/\/suedbayern.humanistische-union.de\/pressemeldungen\/"},{"@type":"ListItem","position":3,"name":"Gasteig verbannt erneut Israel-Kritiker \u0096 Gr\u00fcne warnen vor Gef\u00e4hrdung der Meinungsfreiheit"}]},{"@type":"WebSite","@id":"https:\/\/suedbayern.humanistische-union.de\/#website","url":"https:\/\/suedbayern.humanistische-union.de\/","name":"HU Bayern","description":"Eine weitere HU Network Website","potentialAction":[{"@type":"SearchAction","target":{"@type":"EntryPoint","urlTemplate":"https:\/\/suedbayern.humanistische-union.de\/?s={search_term_string}"},"query-input":{"@type":"PropertyValueSpecification","valueRequired":true,"valueName":"search_term_string"}}],"inLanguage":"de"}]}},"_links":{"self":[{"href":"https:\/\/suedbayern.humanistische-union.de\/hu-json\/wp\/v2\/presse\/935","targetHints":{"allow":["GET"]}}],"collection":[{"href":"https:\/\/suedbayern.humanistische-union.de\/hu-json\/wp\/v2\/presse"}],"about":[{"href":"https:\/\/suedbayern.humanistische-union.de\/hu-json\/wp\/v2\/types\/presse"}],"wp:attachment":[{"href":"https:\/\/suedbayern.humanistische-union.de\/hu-json\/wp\/v2\/media?parent=935"}],"wp:term":[{"taxonomy":"category","embeddable":true,"href":"https:\/\/suedbayern.humanistische-union.de\/hu-json\/wp\/v2\/categories?post=935"},{"taxonomy":"post_tag","embeddable":true,"href":"https:\/\/suedbayern.humanistische-union.de\/hu-json\/wp\/v2\/tags?post=935"},{"taxonomy":"autoren","embeddable":true,"href":"https:\/\/suedbayern.humanistische-union.de\/hu-json\/wp\/v2\/autoren?post=935"}],"curies":[{"name":"wp","href":"https:\/\/api.w.org\/{rel}","templated":true}]}}