{"id":936,"date":"2015-10-12T12:00:00","date_gmt":"2015-10-12T10:00:00","guid":{"rendered":"http:\/\/suedbayern.humanistische-union.de\/presse\/die-alten-banner-hunderte-demonstrieren-gegen-staatliche-ueberwachung\/"},"modified":"2015-10-12T12:00:00","modified_gmt":"2015-10-12T10:00:00","slug":"die-alten-banner-hunderte-demonstrieren-gegen-staatliche-ueberwachung","status":"publish","type":"presse","link":"https:\/\/suedbayern.humanistische-union.de\/pressemeldungen\/die-alten-banner-hunderte-demonstrieren-gegen-staatliche-ueberwachung\/","title":{"rendered":"Die alten Banner &#8211; Hunderte demonstrieren gegen staatliche \u00dcberwachung"},"content":{"rendered":"<p>&#8222;Wir sind nicht wenige&#8220;, ruft Dieter Janecek. Er spricht damit aus, was hier wohl alle hoffen. Es ist Samstag, kurz nach 14 Uhr, der Bundestagsabgeordnete der Gr\u00fcnen steht auf der Ladefl\u00e4che eines Kleinlasters auf dem Max-Joseph-Platz, vor sich ein Mikrofon. Er blickt ein paar Hundert Demonstranten ins Gesicht, die zu ihm aufschauen. Sie protestieren f\u00fcr ,,Freiheit statt Angst&#8220; und gegen die Vorratsdatenspeicherung, wie sie die Bundesregierung derzeit einmal mehr einf\u00fchren will, diesmal mit einem Gesetzentwurf &#8222;zur Einf\u00fchrung einer Speicherpflicht und einer H\u00f6chstspeicherfrist f\u00fcr Verkehrsdaten&#8220;. Aber ein bisschen geht es an diesem Tag auch um den Datenschutz von Konzernen, um die Abh\u00f6rskandale von BND und NSA sowie um das geplante Freihandelsabkommen TTIP. <br \/>Einmal mehr: Das gilt auch f\u00fcr viele der Demonstranten. Es ist nicht der erste Protest gegen staatliche \u00dcberwachung in M\u00fcnchen. In den Jahren 2007 und 2008 kamen aus diesem Grund zum Teil mehr als 2000 Menschen zusammen. Im September 2013 versammelten sich etwa 600 Menschen zum &#8222;International Day of Privacy&#8220; auf dem Stachus, dann zogen sie vor das US-Konsulat. Auf einem Transparent forderten sie damals, Barack Obama solle seinen Friedensnobelpreis an die Spionage-Enth\u00fcller Chelsea Manning und Edward Snowden abgeben. Dasselbe Banner ist auch an diesem Samstag wieder zu sehen. Freilich: Es gab wenig Gr\u00fcnde, neue Transparente zu schreiben.<\/p>\n<p><b>&#8222;Die NSA kann weiterhin machen, was sie will&#8220;<\/b>.<\/p>\n<p>Es habe sich nichts getan, sagt Nicole Gohlke, Bundestagsabgeordnete der Linken, am Samstag ins Mikrofon. &#8222;Die Gr\u00fcnde f\u00fcr den Protest sind nicht weniger geworden.&#8220; Seit Snowden die Machenschaften der Geheimdienste aufgedeckt habe, sei nichts geschehen. &#8222;Die NSA kann weiterhin machen, was sie will!&#8220; Nur als bekannt wurde, dass das Mobiltelefon von Bundeskanzlerin Angela Merkel abgeh\u00f6rt worden sei, da habe es eine &#8222;inszenierte Emp\u00f6rung&#8220; gegeben. Es sei traurig, dass man schon wieder gegen die Vorratsdatenspeicherung demonstrieren m\u00fcsse, sagt der FDP-Politiker und Vorsitzende des Vereins Load, Jimmy Schulz. Andere, der Gr\u00fcne Janecek und die fr\u00fchere Bundesjustizministerin Sabine Leutheusser-Schnarrenberger (FDP) etwa, sind aber zuversichtlich: Das Gesetz zur Datenspeicherung werde ohnehin vor dem Europ\u00e4ischen Gerichtshof oder dem Bundesver-fassungsgericht scheitern, sagen sie. Einmal mehr. <br \/>Vielleicht liegt es daran, dass die Gruppe am Samstag \u00fcberschaubar bleibt. 1000 Teilnehmer seien gekommen, twittert der Veranstalter, die Polizei dagegen z\u00e4hlt in der Spitze nur 300. Dabei hatte ein breites B\u00fcndnis zur Demonstration aufgerufen, unter ihnen Piraten und FDP, Linke und Gr\u00fcne, dazu Vereine wie Digitalcourage, Mehr Demokratie oder <u>die Humanistische Union<\/u>. Weitere sind gekommen, Jusos etwa, auch\u00a0 Amnesty International ist da, selbst Fahnen der griechischen Syriza werden geschwenkt. Vielleicht ist aber schlicht der Termin ung\u00fcnstig: In Berlin demonstrieren am Samstag parallel mehr als 150 000 Menschen gegen TTIP &#8211; und viele von ihnen sind vermutlich aus Bayern in die Hauptstadt gefahren, statt in M\u00fcnchen f\u00fcr Datenschutz auf die Stra\u00dfe zu gehen. Ein EU-Vertreter sagte unl\u00e4ngst in einem Zeitungsinterview, in Bayern sei der Widerstand gegen das TIP-Abkommen deutschlandweit am st\u00e4rksten.<\/p>\n","protected":false},"featured_media":0,"template":"","categories":[],"tags":[],"autoren":[210,7],"class_list":["post-936","presse","type-presse","status-publish","hentry","autoren-jakob-wetzel","autoren-sz"],"acf":[],"yoast_head":"<!-- This site is optimized with the Yoast SEO plugin v28.4 - https:\/\/yoast.com\/product\/yoast-seo-wordpress\/ -->\n<title>Die alten Banner - Hunderte demonstrieren gegen staatliche \u00dcberwachung - HU Bayern<\/title>\n<meta name=\"robots\" content=\"index, follow, max-snippet:-1, max-image-preview:large, max-video-preview:-1\" \/>\n<link rel=\"canonical\" href=\"https:\/\/suedbayern.humanistische-union.de\/pressemeldungen\/die-alten-banner-hunderte-demonstrieren-gegen-staatliche-ueberwachung\/\" \/>\n<meta property=\"og:locale\" content=\"de_DE\" \/>\n<meta property=\"og:type\" content=\"article\" \/>\n<meta property=\"og:title\" content=\"Die alten Banner - Hunderte demonstrieren gegen staatliche \u00dcberwachung - HU Bayern\" \/>\n<meta property=\"og:description\" content=\"&#8222;Wir sind nicht wenige&#8220;, ruft Dieter Janecek. Er spricht damit aus, was hier wohl alle hoffen. Es ist Samstag, kurz nach 14 Uhr, der Bundestagsabgeordnete der Gr\u00fcnen steht auf der Ladefl\u00e4che eines Kleinlasters auf dem Max-Joseph-Platz, vor sich ein Mikrofon. Er blickt ein paar Hundert Demonstranten ins Gesicht, die zu ihm aufschauen. Sie protestieren f\u00fcr [weiterlesen]\" \/>\n<meta property=\"og:url\" content=\"https:\/\/suedbayern.humanistische-union.de\/pressemeldungen\/die-alten-banner-hunderte-demonstrieren-gegen-staatliche-ueberwachung\/\" \/>\n<meta property=\"og:site_name\" content=\"HU Bayern\" \/>\n<meta name=\"twitter:card\" content=\"summary_large_image\" \/>\n<meta name=\"twitter:label1\" content=\"Gesch\u00e4tzte Lesezeit\" \/>\n\t<meta name=\"twitter:data1\" content=\"2\u00a0Minuten\" \/>\n<script type=\"application\/ld+json\" class=\"yoast-schema-graph\">{\"@context\":\"https:\\\/\\\/schema.org\",\"@graph\":[{\"@type\":\"WebPage\",\"@id\":\"https:\\\/\\\/suedbayern.humanistische-union.de\\\/pressemeldungen\\\/die-alten-banner-hunderte-demonstrieren-gegen-staatliche-ueberwachung\\\/\",\"url\":\"https:\\\/\\\/suedbayern.humanistische-union.de\\\/pressemeldungen\\\/die-alten-banner-hunderte-demonstrieren-gegen-staatliche-ueberwachung\\\/\",\"name\":\"Die alten Banner - Hunderte demonstrieren gegen staatliche \u00dcberwachung - HU Bayern\",\"isPartOf\":{\"@id\":\"https:\\\/\\\/suedbayern.humanistische-union.de\\\/#website\"},\"datePublished\":\"2015-10-12T10:00:00+00:00\",\"breadcrumb\":{\"@id\":\"https:\\\/\\\/suedbayern.humanistische-union.de\\\/pressemeldungen\\\/die-alten-banner-hunderte-demonstrieren-gegen-staatliche-ueberwachung\\\/#breadcrumb\"},\"inLanguage\":\"de\",\"potentialAction\":[{\"@type\":\"ReadAction\",\"target\":[\"https:\\\/\\\/suedbayern.humanistische-union.de\\\/pressemeldungen\\\/die-alten-banner-hunderte-demonstrieren-gegen-staatliche-ueberwachung\\\/\"]}]},{\"@type\":\"BreadcrumbList\",\"@id\":\"https:\\\/\\\/suedbayern.humanistische-union.de\\\/pressemeldungen\\\/die-alten-banner-hunderte-demonstrieren-gegen-staatliche-ueberwachung\\\/#breadcrumb\",\"itemListElement\":[{\"@type\":\"ListItem\",\"position\":1,\"name\":\"Startseite\",\"item\":\"https:\\\/\\\/suedbayern.humanistische-union.de\\\/\"},{\"@type\":\"ListItem\",\"position\":2,\"name\":\"Pressemeldungen\",\"item\":\"https:\\\/\\\/suedbayern.humanistische-union.de\\\/pressemeldungen\\\/\"},{\"@type\":\"ListItem\",\"position\":3,\"name\":\"Die alten Banner &#8211; Hunderte demonstrieren gegen staatliche \u00dcberwachung\"}]},{\"@type\":\"WebSite\",\"@id\":\"https:\\\/\\\/suedbayern.humanistische-union.de\\\/#website\",\"url\":\"https:\\\/\\\/suedbayern.humanistische-union.de\\\/\",\"name\":\"HU Bayern\",\"description\":\"Eine weitere HU Network Website\",\"potentialAction\":[{\"@type\":\"SearchAction\",\"target\":{\"@type\":\"EntryPoint\",\"urlTemplate\":\"https:\\\/\\\/suedbayern.humanistische-union.de\\\/?s={search_term_string}\"},\"query-input\":{\"@type\":\"PropertyValueSpecification\",\"valueRequired\":true,\"valueName\":\"search_term_string\"}}],\"inLanguage\":\"de\"}]}<\/script>\n<!-- \/ Yoast SEO plugin. -->","yoast_head_json":{"title":"Die alten Banner - Hunderte demonstrieren gegen staatliche \u00dcberwachung - HU Bayern","robots":{"index":"index","follow":"follow","max-snippet":"max-snippet:-1","max-image-preview":"max-image-preview:large","max-video-preview":"max-video-preview:-1"},"canonical":"https:\/\/suedbayern.humanistische-union.de\/pressemeldungen\/die-alten-banner-hunderte-demonstrieren-gegen-staatliche-ueberwachung\/","og_locale":"de_DE","og_type":"article","og_title":"Die alten Banner - Hunderte demonstrieren gegen staatliche \u00dcberwachung - HU Bayern","og_description":"&#8222;Wir sind nicht wenige&#8220;, ruft Dieter Janecek. Er spricht damit aus, was hier wohl alle hoffen. Es ist Samstag, kurz nach 14 Uhr, der Bundestagsabgeordnete der Gr\u00fcnen steht auf der Ladefl\u00e4che eines Kleinlasters auf dem Max-Joseph-Platz, vor sich ein Mikrofon. Er blickt ein paar Hundert Demonstranten ins Gesicht, die zu ihm aufschauen. Sie protestieren f\u00fcr [weiterlesen]","og_url":"https:\/\/suedbayern.humanistische-union.de\/pressemeldungen\/die-alten-banner-hunderte-demonstrieren-gegen-staatliche-ueberwachung\/","og_site_name":"HU Bayern","twitter_card":"summary_large_image","twitter_misc":{"Gesch\u00e4tzte Lesezeit":"2\u00a0Minuten"},"schema":{"@context":"https:\/\/schema.org","@graph":[{"@type":"WebPage","@id":"https:\/\/suedbayern.humanistische-union.de\/pressemeldungen\/die-alten-banner-hunderte-demonstrieren-gegen-staatliche-ueberwachung\/","url":"https:\/\/suedbayern.humanistische-union.de\/pressemeldungen\/die-alten-banner-hunderte-demonstrieren-gegen-staatliche-ueberwachung\/","name":"Die alten Banner - Hunderte demonstrieren gegen staatliche \u00dcberwachung - HU Bayern","isPartOf":{"@id":"https:\/\/suedbayern.humanistische-union.de\/#website"},"datePublished":"2015-10-12T10:00:00+00:00","breadcrumb":{"@id":"https:\/\/suedbayern.humanistische-union.de\/pressemeldungen\/die-alten-banner-hunderte-demonstrieren-gegen-staatliche-ueberwachung\/#breadcrumb"},"inLanguage":"de","potentialAction":[{"@type":"ReadAction","target":["https:\/\/suedbayern.humanistische-union.de\/pressemeldungen\/die-alten-banner-hunderte-demonstrieren-gegen-staatliche-ueberwachung\/"]}]},{"@type":"BreadcrumbList","@id":"https:\/\/suedbayern.humanistische-union.de\/pressemeldungen\/die-alten-banner-hunderte-demonstrieren-gegen-staatliche-ueberwachung\/#breadcrumb","itemListElement":[{"@type":"ListItem","position":1,"name":"Startseite","item":"https:\/\/suedbayern.humanistische-union.de\/"},{"@type":"ListItem","position":2,"name":"Pressemeldungen","item":"https:\/\/suedbayern.humanistische-union.de\/pressemeldungen\/"},{"@type":"ListItem","position":3,"name":"Die alten Banner &#8211; Hunderte demonstrieren gegen staatliche \u00dcberwachung"}]},{"@type":"WebSite","@id":"https:\/\/suedbayern.humanistische-union.de\/#website","url":"https:\/\/suedbayern.humanistische-union.de\/","name":"HU Bayern","description":"Eine weitere HU Network Website","potentialAction":[{"@type":"SearchAction","target":{"@type":"EntryPoint","urlTemplate":"https:\/\/suedbayern.humanistische-union.de\/?s={search_term_string}"},"query-input":{"@type":"PropertyValueSpecification","valueRequired":true,"valueName":"search_term_string"}}],"inLanguage":"de"}]}},"_links":{"self":[{"href":"https:\/\/suedbayern.humanistische-union.de\/hu-json\/wp\/v2\/presse\/936","targetHints":{"allow":["GET"]}}],"collection":[{"href":"https:\/\/suedbayern.humanistische-union.de\/hu-json\/wp\/v2\/presse"}],"about":[{"href":"https:\/\/suedbayern.humanistische-union.de\/hu-json\/wp\/v2\/types\/presse"}],"wp:attachment":[{"href":"https:\/\/suedbayern.humanistische-union.de\/hu-json\/wp\/v2\/media?parent=936"}],"wp:term":[{"taxonomy":"category","embeddable":true,"href":"https:\/\/suedbayern.humanistische-union.de\/hu-json\/wp\/v2\/categories?post=936"},{"taxonomy":"post_tag","embeddable":true,"href":"https:\/\/suedbayern.humanistische-union.de\/hu-json\/wp\/v2\/tags?post=936"},{"taxonomy":"autoren","embeddable":true,"href":"https:\/\/suedbayern.humanistische-union.de\/hu-json\/wp\/v2\/autoren?post=936"}],"curies":[{"name":"wp","href":"https:\/\/api.w.org\/{rel}","templated":true}]}}