{"id":937,"date":"2012-12-11T12:00:00","date_gmt":"2012-12-11T11:00:00","guid":{"rendered":"http:\/\/suedbayern.humanistische-union.de\/presse\/unter-generalverdacht\/"},"modified":"2012-12-11T12:00:00","modified_gmt":"2012-12-11T11:00:00","slug":"unter-generalverdacht","status":"publish","type":"presse","link":"https:\/\/suedbayern.humanistische-union.de\/pressemeldungen\/unter-generalverdacht\/","title":{"rendered":"&#8222;Unter Generalverdacht&#8220;"},"content":{"rendered":"<p>M\u00fcnchen &#8211; Die bayerische Polizei hat mit automatisierten Kennzeichen-Erfassungssystemen allein im Sommer vergangenen Jahres Monat f\u00fcr Monat die Nummernschilder von rund acht Millionen Fahrzeugen aufgezeichnet. Gegen diese Praxis, die nach wie vor angewandt wird, klagt der Softwareentwickler Benjamin Erhart aus dem niederbayerischen Abensberg vor dem Bayerischen Verwaltungsgerichtshof in M\u00fcnchen. F\u00fcr den 33-j\u00e4hrigen stellt die automatisierte Kennzeichen-Erfassung einen &#8222;Eingriff in das Grundrecht auf informationelle Selbstbestimmung&#8220; dar. Die Polizei nutzt die umstrittene \u00dcberwachungsmethode seit 2006. Aufgezeichnete Kennzeichen werden mit solchen aus einer &#8222;Fahndungsdatei&#8220; abgeglichen. Meldet das System keinen &#8222;Treffer&#8220; w\u00fcrden die Daten des erfassten Kennzeichens sofort und unwiderruflich gel\u00f6scht, versichert die Polizei.<\/p>\n<p>Der Kl\u00e4ger, ebenso wie sein Vertreter, der Freiburger Rechtsanwalt Udo Kau\u00df vom Landesverband der Humanistischen Union Baden-W\u00fcrttemberg, bezweifeln dies. Kau\u00df nennt die automatisierte Kennzeichnung-Erfassung eine &#8222;beispiellose Massenkontroll-Technologie&#8220;. Unbescholtene B\u00fcrger w\u00fcrden damit unter &#8222;Generalverdacht&#8220; gestellt. In erster Instanz hatte das Verwaltungsgericht M\u00fcnchen die Klage abgewiesen, die Berufung vor dem Verwaltungsgerichtshof (VGH) jedoch zugelassen. Nach Angaben der Humanistischen  Union unterst\u00fctzt der ADAC die Berufung finanziell.<\/p>\n<p>Vor einem Jahr hatte sich der VGH erstmals mit dem Thema befasst. Ein Vertreter des bayerischen Innenministeriums r\u00e4umte damals ein, dass sich an dreizehn Standorten, vor allem auf Autobahnen, Erfassungssysteme bef\u00e4nden. Wo genau, sagte er nicht. Die Anlagen sind in den Schilderbr\u00fccken \u00fcber den Fahrbahnen installiert und rund um die Uhr in Betrieb. In der Verhandlung an diesem Montag diskutierten die Richter des 10. Senats vor allem die rechtlichen Problematik der automatisierten Kennzeichen-Erfassung sowie technische Aspekte der Datenerfassung. Der Vertreter des Freistaats Bayern, Landesanwalt Johannes Unterreitmeier, verwies darauf, dass durch die vorgeschriebene &#8222;unverz\u00fcgliche automatisierte L\u00f6schung der Kennzeichen&#8220; kein Bezug zu einem unbescholtenen Halter eines Fahrzeugs hergestellt werden k\u00f6nne. Auch im Nachhinein sei dies technisch nicht m\u00f6glich. Der Kl\u00e4ger bestreitet dies. &#8222;Es kann nichts r\u00fcckstandsfrei gel\u00f6scht werden&#8220;, sagte der 33-j\u00e4hrige Softwareentwickler.<\/p>\n<p>Als Sachverst\u00e4ndigen hatte das Gericht unter anderem den Landesbeauftragten f\u00fcr Datenschutz, Thomas Petri, geladen. Er verneinte, dass B\u00fcrger durch die automatisierte Kennzeichen-Erfassung unter Generalverdacht gerieten. Gleichwohl sei es ein &#8222;Problem&#8220;, so Petri, dass die Anonymit\u00e4t Unschuldiger unter Umst\u00e4nden aufgehoben werden k\u00f6nne. Das Urteil des Verwaltungsgerichtshofs steht noch aus.<\/p>\n","protected":false},"featured_media":0,"template":"","categories":[],"tags":[],"autoren":[211,212],"class_list":["post-937","presse","type-presse","status-publish","hentry","autoren-sal","autoren-sueddeutsche-zeitung"],"acf":[],"yoast_head":"<!-- This site is optimized with the Yoast SEO plugin v28.4 - https:\/\/yoast.com\/product\/yoast-seo-wordpress\/ -->\n<title>&quot;Unter Generalverdacht&quot; - HU Bayern<\/title>\n<meta name=\"robots\" content=\"index, follow, max-snippet:-1, max-image-preview:large, max-video-preview:-1\" \/>\n<link rel=\"canonical\" href=\"https:\/\/suedbayern.humanistische-union.de\/pressemeldungen\/unter-generalverdacht\/\" \/>\n<meta property=\"og:locale\" content=\"de_DE\" \/>\n<meta property=\"og:type\" content=\"article\" \/>\n<meta property=\"og:title\" content=\"&quot;Unter Generalverdacht&quot; - HU Bayern\" \/>\n<meta property=\"og:description\" content=\"M\u00fcnchen &#8211; Die bayerische Polizei hat mit automatisierten Kennzeichen-Erfassungssystemen allein im Sommer vergangenen Jahres Monat f\u00fcr Monat die Nummernschilder von rund acht Millionen Fahrzeugen aufgezeichnet. Gegen diese Praxis, die nach wie vor angewandt wird, klagt der Softwareentwickler Benjamin Erhart aus dem niederbayerischen Abensberg vor dem Bayerischen Verwaltungsgerichtshof in M\u00fcnchen. F\u00fcr den 33-j\u00e4hrigen stellt die automatisierte [weiterlesen]\" \/>\n<meta property=\"og:url\" content=\"https:\/\/suedbayern.humanistische-union.de\/pressemeldungen\/unter-generalverdacht\/\" \/>\n<meta property=\"og:site_name\" content=\"HU Bayern\" \/>\n<meta name=\"twitter:card\" content=\"summary_large_image\" \/>\n<meta name=\"twitter:label1\" content=\"Gesch\u00e4tzte Lesezeit\" \/>\n\t<meta name=\"twitter:data1\" content=\"2\u00a0Minuten\" \/>\n<script type=\"application\/ld+json\" class=\"yoast-schema-graph\">{\"@context\":\"https:\\\/\\\/schema.org\",\"@graph\":[{\"@type\":\"WebPage\",\"@id\":\"https:\\\/\\\/suedbayern.humanistische-union.de\\\/pressemeldungen\\\/unter-generalverdacht\\\/\",\"url\":\"https:\\\/\\\/suedbayern.humanistische-union.de\\\/pressemeldungen\\\/unter-generalverdacht\\\/\",\"name\":\"\\\"Unter Generalverdacht\\\" - HU Bayern\",\"isPartOf\":{\"@id\":\"https:\\\/\\\/suedbayern.humanistische-union.de\\\/#website\"},\"datePublished\":\"2012-12-11T11:00:00+00:00\",\"breadcrumb\":{\"@id\":\"https:\\\/\\\/suedbayern.humanistische-union.de\\\/pressemeldungen\\\/unter-generalverdacht\\\/#breadcrumb\"},\"inLanguage\":\"de\",\"potentialAction\":[{\"@type\":\"ReadAction\",\"target\":[\"https:\\\/\\\/suedbayern.humanistische-union.de\\\/pressemeldungen\\\/unter-generalverdacht\\\/\"]}]},{\"@type\":\"BreadcrumbList\",\"@id\":\"https:\\\/\\\/suedbayern.humanistische-union.de\\\/pressemeldungen\\\/unter-generalverdacht\\\/#breadcrumb\",\"itemListElement\":[{\"@type\":\"ListItem\",\"position\":1,\"name\":\"Startseite\",\"item\":\"https:\\\/\\\/suedbayern.humanistische-union.de\\\/\"},{\"@type\":\"ListItem\",\"position\":2,\"name\":\"Pressemeldungen\",\"item\":\"https:\\\/\\\/suedbayern.humanistische-union.de\\\/pressemeldungen\\\/\"},{\"@type\":\"ListItem\",\"position\":3,\"name\":\"&#8222;Unter Generalverdacht&#8220;\"}]},{\"@type\":\"WebSite\",\"@id\":\"https:\\\/\\\/suedbayern.humanistische-union.de\\\/#website\",\"url\":\"https:\\\/\\\/suedbayern.humanistische-union.de\\\/\",\"name\":\"HU Bayern\",\"description\":\"Eine weitere HU Network Website\",\"potentialAction\":[{\"@type\":\"SearchAction\",\"target\":{\"@type\":\"EntryPoint\",\"urlTemplate\":\"https:\\\/\\\/suedbayern.humanistische-union.de\\\/?s={search_term_string}\"},\"query-input\":{\"@type\":\"PropertyValueSpecification\",\"valueRequired\":true,\"valueName\":\"search_term_string\"}}],\"inLanguage\":\"de\"}]}<\/script>\n<!-- \/ Yoast SEO plugin. -->","yoast_head_json":{"title":"\"Unter Generalverdacht\" - HU Bayern","robots":{"index":"index","follow":"follow","max-snippet":"max-snippet:-1","max-image-preview":"max-image-preview:large","max-video-preview":"max-video-preview:-1"},"canonical":"https:\/\/suedbayern.humanistische-union.de\/pressemeldungen\/unter-generalverdacht\/","og_locale":"de_DE","og_type":"article","og_title":"\"Unter Generalverdacht\" - HU Bayern","og_description":"M\u00fcnchen &#8211; Die bayerische Polizei hat mit automatisierten Kennzeichen-Erfassungssystemen allein im Sommer vergangenen Jahres Monat f\u00fcr Monat die Nummernschilder von rund acht Millionen Fahrzeugen aufgezeichnet. Gegen diese Praxis, die nach wie vor angewandt wird, klagt der Softwareentwickler Benjamin Erhart aus dem niederbayerischen Abensberg vor dem Bayerischen Verwaltungsgerichtshof in M\u00fcnchen. F\u00fcr den 33-j\u00e4hrigen stellt die automatisierte [weiterlesen]","og_url":"https:\/\/suedbayern.humanistische-union.de\/pressemeldungen\/unter-generalverdacht\/","og_site_name":"HU Bayern","twitter_card":"summary_large_image","twitter_misc":{"Gesch\u00e4tzte Lesezeit":"2\u00a0Minuten"},"schema":{"@context":"https:\/\/schema.org","@graph":[{"@type":"WebPage","@id":"https:\/\/suedbayern.humanistische-union.de\/pressemeldungen\/unter-generalverdacht\/","url":"https:\/\/suedbayern.humanistische-union.de\/pressemeldungen\/unter-generalverdacht\/","name":"\"Unter Generalverdacht\" - HU Bayern","isPartOf":{"@id":"https:\/\/suedbayern.humanistische-union.de\/#website"},"datePublished":"2012-12-11T11:00:00+00:00","breadcrumb":{"@id":"https:\/\/suedbayern.humanistische-union.de\/pressemeldungen\/unter-generalverdacht\/#breadcrumb"},"inLanguage":"de","potentialAction":[{"@type":"ReadAction","target":["https:\/\/suedbayern.humanistische-union.de\/pressemeldungen\/unter-generalverdacht\/"]}]},{"@type":"BreadcrumbList","@id":"https:\/\/suedbayern.humanistische-union.de\/pressemeldungen\/unter-generalverdacht\/#breadcrumb","itemListElement":[{"@type":"ListItem","position":1,"name":"Startseite","item":"https:\/\/suedbayern.humanistische-union.de\/"},{"@type":"ListItem","position":2,"name":"Pressemeldungen","item":"https:\/\/suedbayern.humanistische-union.de\/pressemeldungen\/"},{"@type":"ListItem","position":3,"name":"&#8222;Unter Generalverdacht&#8220;"}]},{"@type":"WebSite","@id":"https:\/\/suedbayern.humanistische-union.de\/#website","url":"https:\/\/suedbayern.humanistische-union.de\/","name":"HU Bayern","description":"Eine weitere HU Network Website","potentialAction":[{"@type":"SearchAction","target":{"@type":"EntryPoint","urlTemplate":"https:\/\/suedbayern.humanistische-union.de\/?s={search_term_string}"},"query-input":{"@type":"PropertyValueSpecification","valueRequired":true,"valueName":"search_term_string"}}],"inLanguage":"de"}]}},"_links":{"self":[{"href":"https:\/\/suedbayern.humanistische-union.de\/hu-json\/wp\/v2\/presse\/937","targetHints":{"allow":["GET"]}}],"collection":[{"href":"https:\/\/suedbayern.humanistische-union.de\/hu-json\/wp\/v2\/presse"}],"about":[{"href":"https:\/\/suedbayern.humanistische-union.de\/hu-json\/wp\/v2\/types\/presse"}],"wp:attachment":[{"href":"https:\/\/suedbayern.humanistische-union.de\/hu-json\/wp\/v2\/media?parent=937"}],"wp:term":[{"taxonomy":"category","embeddable":true,"href":"https:\/\/suedbayern.humanistische-union.de\/hu-json\/wp\/v2\/categories?post=937"},{"taxonomy":"post_tag","embeddable":true,"href":"https:\/\/suedbayern.humanistische-union.de\/hu-json\/wp\/v2\/tags?post=937"},{"taxonomy":"autoren","embeddable":true,"href":"https:\/\/suedbayern.humanistische-union.de\/hu-json\/wp\/v2\/autoren?post=937"}],"curies":[{"name":"wp","href":"https:\/\/api.w.org\/{rel}","templated":true}]}}