{"id":938,"date":"2012-10-19T12:00:00","date_gmt":"2012-10-19T10:00:00","guid":{"rendered":"http:\/\/suedbayern.humanistische-union.de\/presse\/abloesen-statt-weiterzahlen-1\/"},"modified":"2012-10-19T12:00:00","modified_gmt":"2012-10-19T10:00:00","slug":"abloesen-statt-weiterzahlen-1","status":"publish","type":"presse","link":"https:\/\/suedbayern.humanistische-union.de\/pressemeldungen\/abloesen-statt-weiterzahlen-1\/","title":{"rendered":"&#8222;Abl\u00f6sen statt weiterzahlen!&#8220;"},"content":{"rendered":"<p>Der neue Gesetzentwurf der Bayerischen Staatsregierung zu \u00c4nderung der Bez\u00fcge der Erzbisch\u00f6fe, Bisch\u00f6fe usw. (Drs. 16\/13835, im Anhang) w\u00e4re nach Auffassung der Humanistischen Union (HU) eine passende Gelegenheit, die finanzielle Verflechtung zwischen dem Freistaat Bayern und den beiden christlichen Kirchen auf eine verfassungskonforme Grundlage zu stellen.<\/p>\n<p>In einer Stellungnahme an die Fraktionen im Bayerischen Landtag fordert die Humanistische Union Bayern (HU): Die Staatsleistungen, zu denen auch die Besoldung des kirchlichen Personals geh\u00f6rt, sind endlich abzul\u00f6sen.<\/p>\n<p>&#8222;Dies gebietet die Verfassung schon seit nunmehr 93 Jahren, seit der Weimarer Reichsverfassung von 1919. Durch die jahrzehntelangen Zahlungen an die Kirchen sind die reklamierten Anspr\u00fcche der Kirchen schon mehr als abbezahlt. Die H\u00f6he der Staatsleistungen steigt in Bayern von Jahr zu Jahr. Waren es 1949 nur (umgerechnet) 5,4 Millionen Euro, so sind im Haushaltplan f\u00fcr 2012 rund 88 Millionen Euro veranschlagt. Allein seit Bestehen der Bundesrepublik Deutschland haben sich die Zahlungen auf rund 3,3 Milliarden Euro summiert. Weiter Staatsleistungen sind einzustellen&#8220;, so Wolfgang Killinger von der bayerischen HU.<\/p>\n<p>Da die Bundesregierung sich bisher geweigert habe, die n\u00f6tigen Grunds\u00e4tze f\u00fcr die Abl\u00f6sung der Staatsleistungen durch die L\u00e4nder aufzustellen, hat die HU die Landtagsfraktionen gebeten, die Staatsregierung aufzufordern, bei der Bundesregierung das noch immer ausstehende Bundesgesetz anzumahnen.<\/p>\n<p>So hei\u00dft es in dem Schreiben: &#8222;Der Verfassungsbefehl zur Abl\u00f6sung der Staatsleistungen an die Kirchen richtet sich zwar in erster Linie an die Bundesregierung, die ein Gesetz \u00fcber die Grunds\u00e4tze zur Abl\u00f6sung der Staatsleistungen auf den Weg zu bringen hat. Wegen der Unt\u00e4tigkeit der Bundesregierung sind jedoch auch die L\u00e4nder aufgefordert, einen verfassungskonformen Zustand herbeizuf\u00fchren. Hierzu sagt der Gesetzentwurf der Staatsregierung leider nichts.<\/p>\n<p>Wir bitten Sie daher, im Gesetzgebungsverfahren einen entsprechenden Entschlie\u00dfungsantrag einzubringen. Darin sollte die Staatsregierung aufgefordert werden, von der Bundesregierung die unverz\u00fcgliche Vorlage eines Gesetzentwurfs zu verlangen, der die Grunds\u00e4tze f\u00fcr die Abl\u00f6sung der Staatsleistungen durch die L\u00e4nder regelt.&#8220;<\/p>\n<p>Der kritisierte Bayerische Gesetzentwurf erreiche keinesfalls die von der Staatsregierung in Anspruch genommene Trennung von Staat und Kirche, sondern betreibe Kosmetik, denn die Besoldung wird weiter vom Staat bezahlt.<\/p>\n<p>&#8222;Ferner&#8220;, so die Humanistische Union in ihrem Schreiben an die Landtagsfraktionen, &#8222; bitten wir Sie, in den vorliegenden Gesetzentwurf eine Klausel aufzunehmen, die auf den \u00dcbergangscharakter des Gesetzes bis zur allgemeinen Abl\u00f6sung der Staatsleistungen in Bayern hinweist. Eine solche Klausel k\u00f6nnte in einem neuen \u00a7 3 am Schluss des Gesetzes wie folgt lauten: &#8218;Dieses Gesetz tritt mit dem Inkrafttreten eines Gesetzes zur Abl\u00f6sung der Staatsleistungen gem\u00e4\u00df Artikel 140 des Grundgesetzes in Verbindung mit Artikel 138 Absatz 1 der Weimarer Reichsverfassung au\u00dfer Kraft.&#8217;<\/p>\n<p>Zur Frage der Abl\u00f6sung der Staatsleistungen in Bayern m\u00f6chten wir noch auf folgendes hinweisen. Aus Sicht der Kirchen bedeutet Abl\u00f6sung die Einstellung der Dotationen durch Zahlung eines gr\u00f6\u00dferen Abl\u00f6sebetrags. Nach den Haushaltspl\u00e4nen sind in Bayern die Staatsleistungen an die Kirchen von (umgerechnet) 5,4 Millionen Euro im Jahre 1949 auf rund 88 Millionen Euro im Jahre 2012 angestiegen. Insgesamt wurden allein seit 1949 rund 3,3 Milliarden Euro an Staatsleistungen gezahlt. Aus Sicht der Humanistischen Union sind angesichts der H\u00f6he dieser Summe die Staatsleistungen bereits als abgel\u00f6st zu betrachten und weitere Zahlungen einzustellen.<\/p>\n<p>Wir bitten Ihre Fraktion, unsere Hinweise und Vorschl\u00e4ge zur Erf\u00fcllung eines seit 93 (!) Jahren bestehenden Verfassungsgebots bei den Beratungen des Gesetzentwurfs zu ber\u00fccksichtigen.&#8220;<\/p>\n<p>C.F.<\/p>\n","protected":false},"featured_media":0,"template":"","categories":[],"tags":[],"autoren":[213,214],"class_list":["post-938","presse","type-presse","status-publish","hentry","autoren-c-f","autoren-hpd-nr-14161"],"acf":[],"yoast_head":"<!-- This site is optimized with the Yoast SEO plugin v28.4 - https:\/\/yoast.com\/product\/yoast-seo-wordpress\/ -->\n<title>&quot;Abl\u00f6sen statt weiterzahlen!&quot; - HU Bayern<\/title>\n<meta name=\"robots\" content=\"index, follow, max-snippet:-1, max-image-preview:large, max-video-preview:-1\" \/>\n<link rel=\"canonical\" href=\"https:\/\/suedbayern.humanistische-union.de\/pressemeldungen\/abloesen-statt-weiterzahlen-1\/\" \/>\n<meta property=\"og:locale\" content=\"de_DE\" \/>\n<meta property=\"og:type\" content=\"article\" \/>\n<meta property=\"og:title\" content=\"&quot;Abl\u00f6sen statt weiterzahlen!&quot; - HU Bayern\" \/>\n<meta property=\"og:description\" content=\"Der neue Gesetzentwurf der Bayerischen Staatsregierung zu \u00c4nderung der Bez\u00fcge der Erzbisch\u00f6fe, Bisch\u00f6fe usw. (Drs. 16\/13835, im Anhang) w\u00e4re nach Auffassung der Humanistischen Union (HU) eine passende Gelegenheit, die finanzielle Verflechtung zwischen dem Freistaat Bayern und den beiden christlichen Kirchen auf eine verfassungskonforme Grundlage zu stellen. In einer Stellungnahme an die Fraktionen im Bayerischen Landtag [weiterlesen]\" \/>\n<meta property=\"og:url\" content=\"https:\/\/suedbayern.humanistische-union.de\/pressemeldungen\/abloesen-statt-weiterzahlen-1\/\" \/>\n<meta property=\"og:site_name\" content=\"HU Bayern\" \/>\n<meta name=\"twitter:card\" content=\"summary_large_image\" \/>\n<meta name=\"twitter:label1\" content=\"Gesch\u00e4tzte Lesezeit\" \/>\n\t<meta name=\"twitter:data1\" content=\"3\u00a0Minuten\" \/>\n<script type=\"application\/ld+json\" class=\"yoast-schema-graph\">{\"@context\":\"https:\\\/\\\/schema.org\",\"@graph\":[{\"@type\":\"WebPage\",\"@id\":\"https:\\\/\\\/suedbayern.humanistische-union.de\\\/pressemeldungen\\\/abloesen-statt-weiterzahlen-1\\\/\",\"url\":\"https:\\\/\\\/suedbayern.humanistische-union.de\\\/pressemeldungen\\\/abloesen-statt-weiterzahlen-1\\\/\",\"name\":\"\\\"Abl\u00f6sen statt weiterzahlen!\\\" - HU Bayern\",\"isPartOf\":{\"@id\":\"https:\\\/\\\/suedbayern.humanistische-union.de\\\/#website\"},\"datePublished\":\"2012-10-19T10:00:00+00:00\",\"breadcrumb\":{\"@id\":\"https:\\\/\\\/suedbayern.humanistische-union.de\\\/pressemeldungen\\\/abloesen-statt-weiterzahlen-1\\\/#breadcrumb\"},\"inLanguage\":\"de\",\"potentialAction\":[{\"@type\":\"ReadAction\",\"target\":[\"https:\\\/\\\/suedbayern.humanistische-union.de\\\/pressemeldungen\\\/abloesen-statt-weiterzahlen-1\\\/\"]}]},{\"@type\":\"BreadcrumbList\",\"@id\":\"https:\\\/\\\/suedbayern.humanistische-union.de\\\/pressemeldungen\\\/abloesen-statt-weiterzahlen-1\\\/#breadcrumb\",\"itemListElement\":[{\"@type\":\"ListItem\",\"position\":1,\"name\":\"Startseite\",\"item\":\"https:\\\/\\\/suedbayern.humanistische-union.de\\\/\"},{\"@type\":\"ListItem\",\"position\":2,\"name\":\"Pressemeldungen\",\"item\":\"https:\\\/\\\/suedbayern.humanistische-union.de\\\/pressemeldungen\\\/\"},{\"@type\":\"ListItem\",\"position\":3,\"name\":\"&#8222;Abl\u00f6sen statt weiterzahlen!&#8220;\"}]},{\"@type\":\"WebSite\",\"@id\":\"https:\\\/\\\/suedbayern.humanistische-union.de\\\/#website\",\"url\":\"https:\\\/\\\/suedbayern.humanistische-union.de\\\/\",\"name\":\"HU Bayern\",\"description\":\"Eine weitere HU Network Website\",\"potentialAction\":[{\"@type\":\"SearchAction\",\"target\":{\"@type\":\"EntryPoint\",\"urlTemplate\":\"https:\\\/\\\/suedbayern.humanistische-union.de\\\/?s={search_term_string}\"},\"query-input\":{\"@type\":\"PropertyValueSpecification\",\"valueRequired\":true,\"valueName\":\"search_term_string\"}}],\"inLanguage\":\"de\"}]}<\/script>\n<!-- \/ Yoast SEO plugin. -->","yoast_head_json":{"title":"\"Abl\u00f6sen statt weiterzahlen!\" - HU Bayern","robots":{"index":"index","follow":"follow","max-snippet":"max-snippet:-1","max-image-preview":"max-image-preview:large","max-video-preview":"max-video-preview:-1"},"canonical":"https:\/\/suedbayern.humanistische-union.de\/pressemeldungen\/abloesen-statt-weiterzahlen-1\/","og_locale":"de_DE","og_type":"article","og_title":"\"Abl\u00f6sen statt weiterzahlen!\" - HU Bayern","og_description":"Der neue Gesetzentwurf der Bayerischen Staatsregierung zu \u00c4nderung der Bez\u00fcge der Erzbisch\u00f6fe, Bisch\u00f6fe usw. (Drs. 16\/13835, im Anhang) w\u00e4re nach Auffassung der Humanistischen Union (HU) eine passende Gelegenheit, die finanzielle Verflechtung zwischen dem Freistaat Bayern und den beiden christlichen Kirchen auf eine verfassungskonforme Grundlage zu stellen. In einer Stellungnahme an die Fraktionen im Bayerischen Landtag [weiterlesen]","og_url":"https:\/\/suedbayern.humanistische-union.de\/pressemeldungen\/abloesen-statt-weiterzahlen-1\/","og_site_name":"HU Bayern","twitter_card":"summary_large_image","twitter_misc":{"Gesch\u00e4tzte Lesezeit":"3\u00a0Minuten"},"schema":{"@context":"https:\/\/schema.org","@graph":[{"@type":"WebPage","@id":"https:\/\/suedbayern.humanistische-union.de\/pressemeldungen\/abloesen-statt-weiterzahlen-1\/","url":"https:\/\/suedbayern.humanistische-union.de\/pressemeldungen\/abloesen-statt-weiterzahlen-1\/","name":"\"Abl\u00f6sen statt weiterzahlen!\" - HU Bayern","isPartOf":{"@id":"https:\/\/suedbayern.humanistische-union.de\/#website"},"datePublished":"2012-10-19T10:00:00+00:00","breadcrumb":{"@id":"https:\/\/suedbayern.humanistische-union.de\/pressemeldungen\/abloesen-statt-weiterzahlen-1\/#breadcrumb"},"inLanguage":"de","potentialAction":[{"@type":"ReadAction","target":["https:\/\/suedbayern.humanistische-union.de\/pressemeldungen\/abloesen-statt-weiterzahlen-1\/"]}]},{"@type":"BreadcrumbList","@id":"https:\/\/suedbayern.humanistische-union.de\/pressemeldungen\/abloesen-statt-weiterzahlen-1\/#breadcrumb","itemListElement":[{"@type":"ListItem","position":1,"name":"Startseite","item":"https:\/\/suedbayern.humanistische-union.de\/"},{"@type":"ListItem","position":2,"name":"Pressemeldungen","item":"https:\/\/suedbayern.humanistische-union.de\/pressemeldungen\/"},{"@type":"ListItem","position":3,"name":"&#8222;Abl\u00f6sen statt weiterzahlen!&#8220;"}]},{"@type":"WebSite","@id":"https:\/\/suedbayern.humanistische-union.de\/#website","url":"https:\/\/suedbayern.humanistische-union.de\/","name":"HU Bayern","description":"Eine weitere HU Network Website","potentialAction":[{"@type":"SearchAction","target":{"@type":"EntryPoint","urlTemplate":"https:\/\/suedbayern.humanistische-union.de\/?s={search_term_string}"},"query-input":{"@type":"PropertyValueSpecification","valueRequired":true,"valueName":"search_term_string"}}],"inLanguage":"de"}]}},"_links":{"self":[{"href":"https:\/\/suedbayern.humanistische-union.de\/hu-json\/wp\/v2\/presse\/938","targetHints":{"allow":["GET"]}}],"collection":[{"href":"https:\/\/suedbayern.humanistische-union.de\/hu-json\/wp\/v2\/presse"}],"about":[{"href":"https:\/\/suedbayern.humanistische-union.de\/hu-json\/wp\/v2\/types\/presse"}],"wp:attachment":[{"href":"https:\/\/suedbayern.humanistische-union.de\/hu-json\/wp\/v2\/media?parent=938"}],"wp:term":[{"taxonomy":"category","embeddable":true,"href":"https:\/\/suedbayern.humanistische-union.de\/hu-json\/wp\/v2\/categories?post=938"},{"taxonomy":"post_tag","embeddable":true,"href":"https:\/\/suedbayern.humanistische-union.de\/hu-json\/wp\/v2\/tags?post=938"},{"taxonomy":"autoren","embeddable":true,"href":"https:\/\/suedbayern.humanistische-union.de\/hu-json\/wp\/v2\/autoren?post=938"}],"curies":[{"name":"wp","href":"https:\/\/api.w.org\/{rel}","templated":true}]}}