{"id":945,"date":"2008-06-14T12:00:00","date_gmt":"2008-06-14T10:00:00","guid":{"rendered":"http:\/\/suedbayern.humanistische-union.de\/presse\/buergerrechts-auszeichnung-aufrechter-gang-fuer-christiane-ernst-zettl\/"},"modified":"2008-06-14T12:00:00","modified_gmt":"2008-06-14T10:00:00","slug":"buergerrechts-auszeichnung-aufrechter-gang-fuer-christiane-ernst-zettl","status":"publish","type":"presse","link":"https:\/\/suedbayern.humanistische-union.de\/pressemeldungen\/buergerrechts-auszeichnung-aufrechter-gang-fuer-christiane-ernst-zettl\/","title":{"rendered":"&#8222;B\u00fcrgerrechts-Auszeichnung &#8222;Aufrechter Gang&#8220; f\u00fcr Christiane Ernst-Zettl&#8220;"},"content":{"rendered":"<p>Eine kleine gr\u00fcne Figur, einem Kaktus  \u00e4hnlich  mit reichlich Stacheln, mit roten Schuhen, roter Kopfbedeckung und einem  dicken  &#8222;Grundgesetz&#8220; unter dem Arm ist am Donnerstag abend,  den 12.Juni  2008 im M\u00fcnchner Kulturzentrum Gasteig  von Professor Dr. Hering  (HU) aus seiner gestreiften Verpackung befreit  worden.  Diese Figur ist als Preis &#8218;Aufrechter Gang&#8216;   seit 1988 vom Ortsverband M\u00fcnchen der Humanistischen Union bereits 12 mal verliehen worden  an mutige  Menschen, die den Geist  des Grundgesetzes verteidigen. MIt der Verleihung des aufrechten Kaktus-Menschen soll auch anderen Menschen Mut gemacht werden, f\u00fcr ihre Rechte  &#8211; aber auch f\u00fcr die hilfloser anderer  &#8211; einzutreten, um so an einer lebendigen politischen Zukunft mitzuarbeiten. In diesem Jahr ging die Auszeichnung an Frau Hauptfeldwebel Christiane Ernst-Zettl.<\/p>\n<p>In die Black Box des M\u00fcnchner Kulturzentrums ert\u00f6nten leise aus dem Hintergrund von einer benachbarten Veranstaltung die Ch\u00f6re  der &#8222;Carmina Burana&#8220; herein,  als Professor Hering  den Zuh\u00f6rern und Zuh\u00f6rerinnen die Bedeutung des Preises &#8222;Aufrechter Gang&#8220;  erl\u00e4uterte und die Gru\u00dfadresse des Arbeitskreises &#8222;Darmst\u00e4dter Signal &#8220; vorlas.  F\u00fcr die Laudatio hatte die Humanistische Union  den ehemaligen  Berufssoldaten der Bundeswehr im Rang eines  Majors, Florian Pfaff , gew\u00e4hlt, der im M\u00e4rz 2003 bundesweit Schlagzeilen machte, weil er seinen Einsatz im Irakkrieg aus Gewissensgr\u00fcnden verweigerte.<\/p>\n<p>Vom Sittenverfall in der Bundeswehr<\/p>\n<p>Florian  Pfaff ist inzwischen in der Friedensbewegung engagiert und ruft ganz besonders Soldaten auf, in Angriffskriegen den Gehorsam zu verweigern. In seiner  frei gehaltenen Rede zu Ehren  der Ausgezeichneten erkl\u00e4rte  er dem Publikum die Problematik und Besonderheit des Falles Christiane Ernst-Zettl. Weil sie sich als Vorgesetzte und Sanit\u00e4tsfeldwebel der Bundeswehr pers\u00f6nlich f\u00fcr die Einhaltung der Regeln  des Humanit\u00e4ren V\u00f6lkerrechts im friedenssicherndem Einsatz  der Bundeswehr in Afghanistan verantwortlich f\u00fchlte, wurde sie mit einer Disziplinarbu\u00dfe und strafweisen R\u00fcckversetzung nach Deutschland belegt.<\/p>\n<p>Im Einsatz als Sanit\u00e4tsfeldwebel erhielt  sie Order,  Personenkontrollen an afghanischen Frauen vorzunehmen, die im ISAF-Camp Warehouse in Kabul als lokale Arbeitskr\u00e4fte besch\u00e4ftigt sind. Hierzu sollte sie gleichfalls ihre<\/p>\n<p>Rot-Kreuz-Armbinde ablegen,  woraufhin Ernst-Zettl beim Sicherungszugf\u00fchrer, einem Oberleutnant, vorstellig wurde,  um ihm zu melden, dass sie im Sinne  des humanit\u00e4ren V\u00f6lkerrechts Nichtkombattant sei und daher f\u00fcr Sicherungsaufgaben nicht eingesetzt werden  d\u00fcrfe.  Allein  f\u00fcr ihre Meldung und den damit  verbundenen Versuch, sich an die Bestimmungen der Genfer  Konventionen zu halten,  wurde die Soldatin  mit einer Disziplinarbu\u00dfe von 800 Euro belegt und &#8222;repatriiert&#8220;, das bedeutet, strafweise nach Deutschland zur\u00fcckkommandiert.<\/p>\n<p>Die Begr\u00fcndung daf\u00fcr wirkt bizarr:  Sie h\u00e4tte mit ihrem Verhalten den Sicherungszugf\u00fchrer verunsichert und so den ordnungsgem\u00e4\u00dfen Dienstablauf behindert. Die Richter  des Milit\u00e4rgerichtes, das diesen  Fall beurteilen mu\u00dfte,  sahen in ihrem  Handeln einen Missbrauch ihrer Rechte  zu Lasten  eines Kameraden&#8220;, warfen  ihr vor, den Dienstbetrieb gest\u00f6rt  zu haben,  und attestierten ihr obendrein, dass ihr Handeln &#8222;ein bedenkliches Licht auf ihren Charakter&#8220; werfe. Keine Anstrengung verschwendeten die Milit\u00e4rjuristen freilich  auf die Frage nach der v\u00f6lkerrechtlichen Zul\u00e4ssigkeit des Einsatzes von Bundeswehr-Sanit\u00e4tssoldaten zu Wach-  und Sicherungsaufgaben bei internationalen Eins\u00e4tzen.<\/p>\n<p>Die Auszeichnung &#8222;Aufrechter Gang&#8220; geb\u00fchrt,  so Florian  Pfaff, Christine  Ernst-Zettl f\u00fcr ihren unerschrockenen Einsatz  f\u00fcr die Wahrung des V\u00f6lkerrechts, der sie inzwischen auch auf den Weg vors Bundesverwaltungsgericht gebracht hat. Der ehemalige Major  Pfaff schilderte anhand dieses  Falles  und anderer F\u00e4lle anschaulich die negativen Ver\u00e4nderungen in der Bundeswehr weg von einer reinen  Verteidigungsarmee hin zu einer Armee,  die immer \u00f6fter humanit\u00e4res V\u00f6lkerrecht ignoriert  und aktiver Teil bei Angriffskriegen wird. Und dass es dagegen Widerstand zu leisten gilt!<\/p>\n<p>Sorge um  die  Einhaltung des  V\u00f6lkerrechts<\/p>\n<p>In ihrer Dankesrede verwies Christine Ernst-Zettl darauf, dass sie nichts  Besonderes geleistet h\u00e4tte,  sondern sich lediglich auf Paragraf 10, Absatz  4, Soldatengesetz berufen und um Einhaltung des V\u00f6lkerrechts, der Menschenrechte und des Genfer Abkommens von 1949 gebeten. Sie f\u00fchle  sich als Sanit\u00e4tssoldatin auch der Idee des  Henry Dunant,  dem Gr\u00fcnder des Roten  Kreuzes und Wegbereiter des humanit\u00e4ren Gedankens verpflichtet. Den ihr \u00fcberreichten Preis betrachte sie als Ehre und Ermutigung, ihren Weg weiter zu gehen und weiter zu k\u00e4mpfen.<\/p>\n<p>Nach der feierlichen \u00dcbergabe und den Reden  folgte \u00fcber die H\u00e4lfte  der Besucher\/innen der herzlichen Einladung der Humanistischen Union ins benachbarte Restaurant zum geselligen Beisammensein bei Wein und Fingerfood, wo noch munter weiter diskutiert wurde.<\/p>\n<p>Mutig und wichtig  ist es, dass Christine  Ernst-Zettl f\u00fcr dieses humanistische Anliegen  weiter k\u00e4mpft.  Und doch sollen alle Pazifisten auch nach dieser bemerkenswerten Demonstration von Zivilcourage weiterhin unerm\u00fcdlich im Einsatz auch daf\u00fcr  sein, dass es zwar utopisch, aber w\u00fcnschenswert ist, dass keiner  hingeht, wenn  Krieg  ist und sich erst gar keiner  daf\u00fcr ausbilden l\u00e4\u00dft. Die Humanistische Union  als aktive  B\u00fcrgerrechtsorganisation seit 1961 hat auch diesen  Ansatz  mit der Preistr\u00e4gerin Gerti Kiermeier 1997 entsprechend gew\u00fcrdigt, die als Mitglied der Deutschen Friedensgesellschaft vor Gericht das Recht  erstreiten mu\u00df,  sagen  zu d\u00fcrfen, dass Soldaten &#8222;potentielle M\u00f6rder&#8220; sind. Die HU verweist hier auf den Pazifisten und Atheisten Bertrand Russell,  der 1940 wegen  seiner \u00f6ffentlich ge\u00e4u\u00dferten Meinung eine Professorenstelle nicht antreten konnte:  &#8222;(&#8230;) Es ist ein wesentlicher Zug der Demokratie, da\u00df m\u00e4chtige Gruppen und selbst  Mehrheiten  gegen\u00fcber anders denkenden Gruppen &#8211; und seien  sie noch so klein &#8211; Toleranz \u00fcben, wie sehr ihnen deren Ansichten auch zuwider sein m\u00f6gen.  In einer Demokratie m\u00fcssen  die Menschen lernen,  dieses zu ertragen&#8220;(&#8230;). Mit Menschen wie Christine Ernst-Zettl, mit Florian  Pfaff, mit Gerti Kiermeier und den vielen Mutigen  und Aktiven  aus der Humanistischen Union kommen  wir diesem Ideal Zug um Zug n\u00e4her!&#8220;<\/p>\n","protected":false},"featured_media":0,"template":"","categories":[],"tags":[],"autoren":[130,220],"class_list":["post-945","presse","type-presse","status-publish","hentry","autoren-assunta-tammelleo","autoren-hpd-online"],"acf":[],"yoast_head":"<!-- This site is optimized with the Yoast SEO plugin v28.4 - https:\/\/yoast.com\/product\/yoast-seo-wordpress\/ -->\n<title>&quot;B\u00fcrgerrechts-Auszeichnung &quot;Aufrechter Gang&quot; f\u00fcr Christiane Ernst-Zettl&quot; - HU Bayern<\/title>\n<meta name=\"robots\" content=\"index, follow, max-snippet:-1, max-image-preview:large, max-video-preview:-1\" \/>\n<link rel=\"canonical\" href=\"https:\/\/suedbayern.humanistische-union.de\/pressemeldungen\/buergerrechts-auszeichnung-aufrechter-gang-fuer-christiane-ernst-zettl\/\" \/>\n<meta property=\"og:locale\" content=\"de_DE\" \/>\n<meta property=\"og:type\" content=\"article\" \/>\n<meta property=\"og:title\" content=\"&quot;B\u00fcrgerrechts-Auszeichnung &quot;Aufrechter Gang&quot; f\u00fcr Christiane Ernst-Zettl&quot; - HU Bayern\" \/>\n<meta property=\"og:description\" content=\"Eine kleine gr\u00fcne Figur, einem Kaktus \u00e4hnlich mit reichlich Stacheln, mit roten Schuhen, roter Kopfbedeckung und einem dicken &#8222;Grundgesetz&#8220; unter dem Arm ist am Donnerstag abend, den 12.Juni 2008 im M\u00fcnchner Kulturzentrum Gasteig von Professor Dr. Hering (HU) aus seiner gestreiften Verpackung befreit worden. Diese Figur ist als Preis &#8218;Aufrechter Gang&#8216; seit 1988 vom Ortsverband [weiterlesen]\" \/>\n<meta property=\"og:url\" content=\"https:\/\/suedbayern.humanistische-union.de\/pressemeldungen\/buergerrechts-auszeichnung-aufrechter-gang-fuer-christiane-ernst-zettl\/\" \/>\n<meta property=\"og:site_name\" content=\"HU Bayern\" \/>\n<meta name=\"twitter:card\" content=\"summary_large_image\" \/>\n<meta name=\"twitter:label1\" content=\"Gesch\u00e4tzte Lesezeit\" \/>\n\t<meta name=\"twitter:data1\" content=\"5\u00a0Minuten\" \/>\n<script type=\"application\/ld+json\" class=\"yoast-schema-graph\">{\"@context\":\"https:\\\/\\\/schema.org\",\"@graph\":[{\"@type\":\"WebPage\",\"@id\":\"https:\\\/\\\/suedbayern.humanistische-union.de\\\/pressemeldungen\\\/buergerrechts-auszeichnung-aufrechter-gang-fuer-christiane-ernst-zettl\\\/\",\"url\":\"https:\\\/\\\/suedbayern.humanistische-union.de\\\/pressemeldungen\\\/buergerrechts-auszeichnung-aufrechter-gang-fuer-christiane-ernst-zettl\\\/\",\"name\":\"\\\"B\u00fcrgerrechts-Auszeichnung \\\"Aufrechter Gang\\\" f\u00fcr Christiane Ernst-Zettl\\\" - HU Bayern\",\"isPartOf\":{\"@id\":\"https:\\\/\\\/suedbayern.humanistische-union.de\\\/#website\"},\"datePublished\":\"2008-06-14T10:00:00+00:00\",\"breadcrumb\":{\"@id\":\"https:\\\/\\\/suedbayern.humanistische-union.de\\\/pressemeldungen\\\/buergerrechts-auszeichnung-aufrechter-gang-fuer-christiane-ernst-zettl\\\/#breadcrumb\"},\"inLanguage\":\"de\",\"potentialAction\":[{\"@type\":\"ReadAction\",\"target\":[\"https:\\\/\\\/suedbayern.humanistische-union.de\\\/pressemeldungen\\\/buergerrechts-auszeichnung-aufrechter-gang-fuer-christiane-ernst-zettl\\\/\"]}]},{\"@type\":\"BreadcrumbList\",\"@id\":\"https:\\\/\\\/suedbayern.humanistische-union.de\\\/pressemeldungen\\\/buergerrechts-auszeichnung-aufrechter-gang-fuer-christiane-ernst-zettl\\\/#breadcrumb\",\"itemListElement\":[{\"@type\":\"ListItem\",\"position\":1,\"name\":\"Startseite\",\"item\":\"https:\\\/\\\/suedbayern.humanistische-union.de\\\/\"},{\"@type\":\"ListItem\",\"position\":2,\"name\":\"Pressemeldungen\",\"item\":\"https:\\\/\\\/suedbayern.humanistische-union.de\\\/pressemeldungen\\\/\"},{\"@type\":\"ListItem\",\"position\":3,\"name\":\"&#8222;B\u00fcrgerrechts-Auszeichnung &#8222;Aufrechter Gang&#8220; f\u00fcr Christiane Ernst-Zettl&#8220;\"}]},{\"@type\":\"WebSite\",\"@id\":\"https:\\\/\\\/suedbayern.humanistische-union.de\\\/#website\",\"url\":\"https:\\\/\\\/suedbayern.humanistische-union.de\\\/\",\"name\":\"HU Bayern\",\"description\":\"Eine weitere HU Network Website\",\"potentialAction\":[{\"@type\":\"SearchAction\",\"target\":{\"@type\":\"EntryPoint\",\"urlTemplate\":\"https:\\\/\\\/suedbayern.humanistische-union.de\\\/?s={search_term_string}\"},\"query-input\":{\"@type\":\"PropertyValueSpecification\",\"valueRequired\":true,\"valueName\":\"search_term_string\"}}],\"inLanguage\":\"de\"}]}<\/script>\n<!-- \/ Yoast SEO plugin. -->","yoast_head_json":{"title":"\"B\u00fcrgerrechts-Auszeichnung \"Aufrechter Gang\" f\u00fcr Christiane Ernst-Zettl\" - HU Bayern","robots":{"index":"index","follow":"follow","max-snippet":"max-snippet:-1","max-image-preview":"max-image-preview:large","max-video-preview":"max-video-preview:-1"},"canonical":"https:\/\/suedbayern.humanistische-union.de\/pressemeldungen\/buergerrechts-auszeichnung-aufrechter-gang-fuer-christiane-ernst-zettl\/","og_locale":"de_DE","og_type":"article","og_title":"\"B\u00fcrgerrechts-Auszeichnung \"Aufrechter Gang\" f\u00fcr Christiane Ernst-Zettl\" - HU Bayern","og_description":"Eine kleine gr\u00fcne Figur, einem Kaktus \u00e4hnlich mit reichlich Stacheln, mit roten Schuhen, roter Kopfbedeckung und einem dicken &#8222;Grundgesetz&#8220; unter dem Arm ist am Donnerstag abend, den 12.Juni 2008 im M\u00fcnchner Kulturzentrum Gasteig von Professor Dr. Hering (HU) aus seiner gestreiften Verpackung befreit worden. Diese Figur ist als Preis &#8218;Aufrechter Gang&#8216; seit 1988 vom Ortsverband [weiterlesen]","og_url":"https:\/\/suedbayern.humanistische-union.de\/pressemeldungen\/buergerrechts-auszeichnung-aufrechter-gang-fuer-christiane-ernst-zettl\/","og_site_name":"HU Bayern","twitter_card":"summary_large_image","twitter_misc":{"Gesch\u00e4tzte Lesezeit":"5\u00a0Minuten"},"schema":{"@context":"https:\/\/schema.org","@graph":[{"@type":"WebPage","@id":"https:\/\/suedbayern.humanistische-union.de\/pressemeldungen\/buergerrechts-auszeichnung-aufrechter-gang-fuer-christiane-ernst-zettl\/","url":"https:\/\/suedbayern.humanistische-union.de\/pressemeldungen\/buergerrechts-auszeichnung-aufrechter-gang-fuer-christiane-ernst-zettl\/","name":"\"B\u00fcrgerrechts-Auszeichnung \"Aufrechter Gang\" f\u00fcr Christiane Ernst-Zettl\" - HU Bayern","isPartOf":{"@id":"https:\/\/suedbayern.humanistische-union.de\/#website"},"datePublished":"2008-06-14T10:00:00+00:00","breadcrumb":{"@id":"https:\/\/suedbayern.humanistische-union.de\/pressemeldungen\/buergerrechts-auszeichnung-aufrechter-gang-fuer-christiane-ernst-zettl\/#breadcrumb"},"inLanguage":"de","potentialAction":[{"@type":"ReadAction","target":["https:\/\/suedbayern.humanistische-union.de\/pressemeldungen\/buergerrechts-auszeichnung-aufrechter-gang-fuer-christiane-ernst-zettl\/"]}]},{"@type":"BreadcrumbList","@id":"https:\/\/suedbayern.humanistische-union.de\/pressemeldungen\/buergerrechts-auszeichnung-aufrechter-gang-fuer-christiane-ernst-zettl\/#breadcrumb","itemListElement":[{"@type":"ListItem","position":1,"name":"Startseite","item":"https:\/\/suedbayern.humanistische-union.de\/"},{"@type":"ListItem","position":2,"name":"Pressemeldungen","item":"https:\/\/suedbayern.humanistische-union.de\/pressemeldungen\/"},{"@type":"ListItem","position":3,"name":"&#8222;B\u00fcrgerrechts-Auszeichnung &#8222;Aufrechter Gang&#8220; f\u00fcr Christiane Ernst-Zettl&#8220;"}]},{"@type":"WebSite","@id":"https:\/\/suedbayern.humanistische-union.de\/#website","url":"https:\/\/suedbayern.humanistische-union.de\/","name":"HU Bayern","description":"Eine weitere HU Network Website","potentialAction":[{"@type":"SearchAction","target":{"@type":"EntryPoint","urlTemplate":"https:\/\/suedbayern.humanistische-union.de\/?s={search_term_string}"},"query-input":{"@type":"PropertyValueSpecification","valueRequired":true,"valueName":"search_term_string"}}],"inLanguage":"de"}]}},"_links":{"self":[{"href":"https:\/\/suedbayern.humanistische-union.de\/hu-json\/wp\/v2\/presse\/945","targetHints":{"allow":["GET"]}}],"collection":[{"href":"https:\/\/suedbayern.humanistische-union.de\/hu-json\/wp\/v2\/presse"}],"about":[{"href":"https:\/\/suedbayern.humanistische-union.de\/hu-json\/wp\/v2\/types\/presse"}],"wp:attachment":[{"href":"https:\/\/suedbayern.humanistische-union.de\/hu-json\/wp\/v2\/media?parent=945"}],"wp:term":[{"taxonomy":"category","embeddable":true,"href":"https:\/\/suedbayern.humanistische-union.de\/hu-json\/wp\/v2\/categories?post=945"},{"taxonomy":"post_tag","embeddable":true,"href":"https:\/\/suedbayern.humanistische-union.de\/hu-json\/wp\/v2\/tags?post=945"},{"taxonomy":"autoren","embeddable":true,"href":"https:\/\/suedbayern.humanistische-union.de\/hu-json\/wp\/v2\/autoren?post=945"}],"curies":[{"name":"wp","href":"https:\/\/api.w.org\/{rel}","templated":true}]}}